{"id":53128,"date":"2024-10-08T23:32:19","date_gmt":"2024-10-08T23:32:19","guid":{"rendered":"http:\/\/lahora.mx\/?p=53128"},"modified":"2024-10-08T23:32:20","modified_gmt":"2024-10-08T23:32:20","slug":"entrega-dif-aparatos-credenciales-y-certificados-a-estudiantes-de-centros-de-rehabilitacion","status":"publish","type":"post","link":"https:\/\/lahora.mx\/index.php\/2024\/10\/08\/entrega-dif-aparatos-credenciales-y-certificados-a-estudiantes-de-centros-de-rehabilitacion\/","title":{"rendered":"Entrega DIF aparatos, credenciales y certificados a estudiantes de centros de rehabilitaci\u00f3n"},"content":{"rendered":"\n<p>En los \u00faltimos dos a\u00f1os se han destinado casi 54 millones de pesos a la adquisici\u00f3n de equipos para beneficio de las personas con discapacidad, destac\u00f3 la presidenta del patronato del Sistema Estatal DIF, Gabriela Bonilla Parada, durante la entrega de aparatos funcionales, credenciales y certificados para estudiantes de los Centros de Atenci\u00f3n M\u00faltiple (CAM) y Unidades de Servicio de Apoyo a la Educaci\u00f3n Regular (USAER).<\/p>\n\n\n\n<p>Acompa\u00f1ada del gobernador, Sergio Salom\u00f3n C\u00e9spedes Peregrina, destac\u00f3 que mediante un convenio de colaboraci\u00f3n con la Secretar\u00eda de Educaci\u00f3n fue posible entregar 84 certificados y credenciales de discapacidad, 125 aparatos ortop\u00e9dicos y 64 auditivos para los alumnos de diversas instituciones del estado.<br>Con lo anterior, subray\u00f3 que en lo que va de su gesti\u00f3n se han entregado 11 mil 599 aparatos funcionales, con una inversi\u00f3n de casi 32 millones de pesos, as\u00ed como 290 pr\u00f3tesis externas que representan un costo superior a los 21 millones de pesos, lo que en conjunto significa una inversi\u00f3n de casi 54 millones de pesos en beneficio del sector.<\/p>\n\n\n\n<p>\u201cCon un peque\u00f1o esfuerzo de cada uno podemos cambiar la vida de las personas con discapacidad de manera significativa, no se trata de grandes esfuerzos, sino de sumar esos granitos de arena que juntos construyen un entorno m\u00e1s inclusivo y justo, cada acci\u00f3n por peque\u00f1a que parezca puede abrir oportunidades, romper barreras y devolver sonrisas\u201d, expres\u00f3.<\/p>\n\n\n\n<p>El gobernador Sergio Salom\u00f3n C\u00e9spedes Peregrina reconoci\u00f3 que las personas con discapacidad tienen que ser prioridad para el gobierno y les agradeci\u00f3 por ser ejemplo de vida para la sociedad.<\/p>\n\n\n\n<p>Entrega gobernador infraestructura educativa<br>El titular del Ejecutivo entreg\u00f3 la construcci\u00f3n de dos aulas did\u00e1cticas en la escuela primaria federal Jos\u00e9 Vasconcelos, en la capital poblana, mismas en las que se invirtieron 1.5 millones de pesos.<\/p>\n\n\n\n<p>El mandatario poblano sentenci\u00f3 que como parte del principio de igualdad con el que se conduce el gobierno, se han destinado 365 millones de pesos para construir m\u00e1s de 370 aulas en todo el estado y 800 millones de pesos para habilitar 250 techados en canchas y plazas c\u00edvicas escolares.<\/p>\n\n\n\n<p>En su intervenci\u00f3n, el titular del Comit\u00e9 Administrador Poblano para la Construcci\u00f3n de Espacios Educativos (CAPCEE), Mario Alberto Cruz Gonz\u00e1lez, destac\u00f3 que en la colonia Viveros Del Valle, en donde se inauguraron los nuevos espacios educativos, en breve tambi\u00e9n se entregar\u00e1n aulas y el techado de la secundaria t\u00e9cnica n\u00famero 168.<\/p>\n","protected":false},"excerpt":{"rendered":"<p>En los \u00faltimos dos a\u00f1os se han destinado casi 54 millones de pesos a la adquisici\u00f3n de equipos para beneficio de las personas con discapacidad, destac\u00f3 la presidenta del patronato del Sistema Estatal DIF, Gabriela Bonilla Parada, durante la entrega de aparatos funcionales, credenciales y certificados para estudiantes de los Centros de Atenci\u00f3n M\u00faltiple (CAM) [&hellip;]<\/p>\n","protected":false},"author":4,"featured_media":53129,"comment_status":"open","ping_status":"open","sticky":false,"template":"","format":"standard","meta":{"om_disable_all_campaigns":false,"_monsterinsights_skip_tracking":false,"_monsterinsights_sitenote_active":false,"_monsterinsights_sitenote_note":"","_monsterinsights_sitenote_category":0,"footnotes":""},"categories":[175],"tags":[239,223],"class_list":["post-53128","post","type-post","status-publish","format-standard","has-post-thumbnail","hentry","category-local","tag-gobierno","tag-puebla"],"amp_enabled":true,"_links":{"self":[{"href":"https:\/\/lahora.mx\/index.php\/wp-json\/wp\/v2\/posts\/53128","targetHints":{"allow":["GET"]}}],"collection":[{"href":"https:\/\/lahora.mx\/index.php\/wp-json\/wp\/v2\/posts"}],"about":[{"href":"https:\/\/lahora.mx\/index.php\/wp-json\/wp\/v2\/types\/post"}],"author":[{"embeddable":true,"href":"https:\/\/lahora.mx\/index.php\/wp-json\/wp\/v2\/users\/4"}],"replies":[{"embeddable":true,"href":"https:\/\/lahora.mx\/index.php\/wp-json\/wp\/v2\/comments?post=53128"}],"version-history":[{"count":1,"href":"https:\/\/lahora.mx\/index.php\/wp-json\/wp\/v2\/posts\/53128\/revisions"}],"predecessor-version":[{"id":53130,"href":"https:\/\/lahora.mx\/index.php\/wp-json\/wp\/v2\/posts\/53128\/revisions\/53130"}],"wp:featuredmedia":[{"embeddable":true,"href":"https:\/\/lahora.mx\/index.php\/wp-json\/wp\/v2\/media\/53129"}],"wp:attachment":[{"href":"https:\/\/lahora.mx\/index.php\/wp-json\/wp\/v2\/media?parent=53128"}],"wp:term":[{"taxonomy":"category","embeddable":true,"href":"https:\/\/lahora.mx\/index.php\/wp-json\/wp\/v2\/categories?post=53128"},{"taxonomy":"post_tag","embeddable":true,"href":"https:\/\/lahora.mx\/index.php\/wp-json\/wp\/v2\/tags?post=53128"}],"curies":[{"name":"wp","href":"https:\/\/api.w.org\/{rel}","templated":true}]}}