{"id":53124,"date":"2024-10-08T23:25:18","date_gmt":"2024-10-08T23:25:18","guid":{"rendered":"http:\/\/lahora.mx\/?p=53124"},"modified":"2024-10-08T23:26:54","modified_gmt":"2024-10-08T23:26:54","slug":"detienen-en-chalco-a-dos-presuntos-ladrones-de-vehiculo-buscados-en-puebla","status":"publish","type":"post","link":"https:\/\/lahora.mx\/index.php\/2024\/10\/08\/detienen-en-chalco-a-dos-presuntos-ladrones-de-vehiculo-buscados-en-puebla\/","title":{"rendered":"Detienen en Chalco a dos presuntos ladrones de veh\u00edculo buscados en Puebla"},"content":{"rendered":"\n<p>En Chalco, Estado de M\u00e9xico, cayeron dos presuntos ladrones de veh\u00edculo que eran buscados por autoridades poblanas luego de que en el municipio de San Mart\u00edn Texmelucan, los sospechosos, despojaron de una unidad a una mujer. Ambos sujetos fueron llevados ante un juez que los conden\u00f3 a 6 a\u00f1os de c\u00e1rcel.<\/p>\n\n\n\n<p>Los sentenciados son Jos\u00e9 Luis N., y Sergio N., quienes enfrentan cargos por robo de veh\u00edculo agravado.<\/p>\n\n\n\n<p>Sobre el caso, la Fiscal\u00eda General del Estado de Puebla (FGE) dio a conocer que el hecho ocurri\u00f3 el 6 de abril de 2019 en la junta auxiliar San Juan Tuxco del municipio de San Mart\u00edn Texmelucan donde una mujer fue despojada de su camioneta Toyota Hilux modelo 2016 del estado de Puebla.<\/p>\n\n\n\n<p>Los presuntos responsables, Jos\u00e9 Luis N., y Sergio N., amagaron a la v\u00edctima con armas de fuego, una vez que se apoderaron de la unidad, se dieron a la fuga a bordo de la misma.<br>Ambos fueron detenidos en el municipio de Chalco, estado de M\u00e9xico, raz\u00f3n por la que la Fiscal\u00eda de aquella entidad inici\u00f3 la investigaci\u00f3n, ejercit\u00f3 acci\u00f3n penal y obtuvo su vinculaci\u00f3n a proceso.<\/p>\n\n\n\n<p>Posteriormente, declin\u00f3 la competencia al estado de Puebla, toda vez que los hechos tuvieron origen en esta entidad.<\/p>\n\n\n\n<p>El 9 de septiembre de 2024 la Fiscal\u00eda de Puebla logr\u00f3 que la autoridad judicial les impusiera una pena de 6 a\u00f1os de prisi\u00f3n y multa por 54 mil 285 pesos.<\/p>\n","protected":false},"excerpt":{"rendered":"<p>En Chalco, Estado de M\u00e9xico, cayeron dos presuntos ladrones de veh\u00edculo que eran buscados por autoridades poblanas luego de que en el municipio de San Mart\u00edn Texmelucan, los sospechosos, despojaron de una unidad a una mujer. Ambos sujetos fueron llevados ante un juez que los conden\u00f3 a 6 a\u00f1os de c\u00e1rcel. Los sentenciados son Jos\u00e9 [&hellip;]<\/p>\n","protected":false},"author":4,"featured_media":53125,"comment_status":"open","ping_status":"open","sticky":false,"template":"","format":"standard","meta":{"om_disable_all_campaigns":false,"_monsterinsights_skip_tracking":false,"_monsterinsights_sitenote_active":false,"_monsterinsights_sitenote_note":"","_monsterinsights_sitenote_category":0,"footnotes":""},"categories":[175,226],"tags":[223],"class_list":["post-53124","post","type-post","status-publish","format-standard","has-post-thumbnail","hentry","category-local","category-policia","tag-puebla"],"amp_enabled":true,"_links":{"self":[{"href":"https:\/\/lahora.mx\/index.php\/wp-json\/wp\/v2\/posts\/53124","targetHints":{"allow":["GET"]}}],"collection":[{"href":"https:\/\/lahora.mx\/index.php\/wp-json\/wp\/v2\/posts"}],"about":[{"href":"https:\/\/lahora.mx\/index.php\/wp-json\/wp\/v2\/types\/post"}],"author":[{"embeddable":true,"href":"https:\/\/lahora.mx\/index.php\/wp-json\/wp\/v2\/users\/4"}],"replies":[{"embeddable":true,"href":"https:\/\/lahora.mx\/index.php\/wp-json\/wp\/v2\/comments?post=53124"}],"version-history":[{"count":2,"href":"https:\/\/lahora.mx\/index.php\/wp-json\/wp\/v2\/posts\/53124\/revisions"}],"predecessor-version":[{"id":53127,"href":"https:\/\/lahora.mx\/index.php\/wp-json\/wp\/v2\/posts\/53124\/revisions\/53127"}],"wp:featuredmedia":[{"embeddable":true,"href":"https:\/\/lahora.mx\/index.php\/wp-json\/wp\/v2\/media\/53125"}],"wp:attachment":[{"href":"https:\/\/lahora.mx\/index.php\/wp-json\/wp\/v2\/media?parent=53124"}],"wp:term":[{"taxonomy":"category","embeddable":true,"href":"https:\/\/lahora.mx\/index.php\/wp-json\/wp\/v2\/categories?post=53124"},{"taxonomy":"post_tag","embeddable":true,"href":"https:\/\/lahora.mx\/index.php\/wp-json\/wp\/v2\/tags?post=53124"}],"curies":[{"name":"wp","href":"https:\/\/api.w.org\/{rel}","templated":true}]}}