{"id":53121,"date":"2024-10-08T23:18:01","date_gmt":"2024-10-08T23:18:01","guid":{"rendered":"http:\/\/lahora.mx\/?p=53121"},"modified":"2024-10-08T23:18:01","modified_gmt":"2024-10-08T23:18:01","slug":"dirigire-instituto-de-migracion-con-vision-de-derechos-humanos-menciona-el-gobernador-cespedes","status":"publish","type":"post","link":"https:\/\/lahora.mx\/index.php\/2024\/10\/08\/dirigire-instituto-de-migracion-con-vision-de-derechos-humanos-menciona-el-gobernador-cespedes\/","title":{"rendered":"Dirigir\u00e9 Instituto de Migraci\u00f3n con visi\u00f3n de derechos humanos menciona el gobernador C\u00e9spedes"},"content":{"rendered":"\n<p>El gobernador Sergio Salom\u00f3n C\u00e9spedes Peregrina dijo que una vez que asuma el cargo como comisionado del Instituto Nacional de Migraci\u00f3n (INM) se conducir\u00e1 con compromiso y una visi\u00f3n de respeto a los derechos humanos.<\/p>\n\n\n\n<p>Despu\u00e9s entregar aparatos ortop\u00e9dicos junto con la titular del DIF de Puebla, Gabriela Bonilla, en el Centro Expositor de la ciudad, el morenista agradeci\u00f3 p\u00fablicamente a la presidenta Claudia Sheinbaum Pardo por el nombramiento en su gabinete.<\/p>\n\n\n\n<p>Sin embargo, rehus\u00f3 hablar sobre los planes que se tienen en el INM en los pr\u00f3ximos meses, debido a que esperar\u00e1 concluya su periodo como gobernador.<\/p>\n\n\n\n<p>\u201cEstoy muy agradecido con la presidenta (Claudia Sheinbaum), es un alto honor poder servirle a M\u00e9xico de la mano de ella y lo haremos con un gran compromiso, y con una visi\u00f3n de derechos humanos important\u00edsima, entendiendo que todos somos hermanos y que debemos cuidarnos entre todas y todos\u201d, declar\u00f3 en entrevista.<\/p>\n\n\n\n<p>En este sentido, resalt\u00f3 que en el Instituto Nacional de Migraci\u00f3n se continuar\u00e1 con el trabajo que dej\u00f3 trazado el expresidente Andr\u00e9s Manuel L\u00f3pez Obrador, y que ahora se fortalecer\u00e1 con Sheinbaum.<\/p>\n\n\n\n<p>\u201cNo hablar\u00e9 m\u00e1s de esto, hasta que est\u00e9 en el cargo, hasta que tome posesi\u00f3n, para que tengamos mucha claridad en esto. Por ahora, puedo decir que hay trabajo, hay tema, hay avances, del trabajo que dej\u00f3 el presidente Andr\u00e9s Manuel L\u00f3pez Obrador, y nosotros estamos analiz\u00e1ndolo con mucha puntualidad\u201d, enfatiz\u00f3.<\/p>\n\n\n\n<p>En tanto se da el cambio, C\u00e9spedes Peregrina asegur\u00f3 que se enfocar\u00e1 al cierre de la administraci\u00f3n a dos meses del cambio de gobierno en Puebla.<\/p>\n\n\n\n<p>\u201cLes pido su comprensi\u00f3n para que por ahora hablemos s\u00f3lo del gobierno del estado y despu\u00e9s del 14 de diciembre ya hablar\u00e9 de Migraci\u00f3n\u201d, cit\u00f3<\/p>\n","protected":false},"excerpt":{"rendered":"<p>El gobernador Sergio Salom\u00f3n C\u00e9spedes Peregrina dijo que una vez que asuma el cargo como comisionado del Instituto Nacional de Migraci\u00f3n (INM) se conducir\u00e1 con compromiso y una visi\u00f3n de respeto a los derechos humanos. Despu\u00e9s entregar aparatos ortop\u00e9dicos junto con la titular del DIF de Puebla, Gabriela Bonilla, en el Centro Expositor de la [&hellip;]<\/p>\n","protected":false},"author":4,"featured_media":53122,"comment_status":"open","ping_status":"open","sticky":false,"template":"","format":"standard","meta":{"om_disable_all_campaigns":false,"_monsterinsights_skip_tracking":false,"_monsterinsights_sitenote_active":false,"_monsterinsights_sitenote_note":"","_monsterinsights_sitenote_category":0,"footnotes":""},"categories":[175],"tags":[239,223],"class_list":["post-53121","post","type-post","status-publish","format-standard","has-post-thumbnail","hentry","category-local","tag-gobierno","tag-puebla"],"amp_enabled":true,"_links":{"self":[{"href":"https:\/\/lahora.mx\/index.php\/wp-json\/wp\/v2\/posts\/53121","targetHints":{"allow":["GET"]}}],"collection":[{"href":"https:\/\/lahora.mx\/index.php\/wp-json\/wp\/v2\/posts"}],"about":[{"href":"https:\/\/lahora.mx\/index.php\/wp-json\/wp\/v2\/types\/post"}],"author":[{"embeddable":true,"href":"https:\/\/lahora.mx\/index.php\/wp-json\/wp\/v2\/users\/4"}],"replies":[{"embeddable":true,"href":"https:\/\/lahora.mx\/index.php\/wp-json\/wp\/v2\/comments?post=53121"}],"version-history":[{"count":1,"href":"https:\/\/lahora.mx\/index.php\/wp-json\/wp\/v2\/posts\/53121\/revisions"}],"predecessor-version":[{"id":53123,"href":"https:\/\/lahora.mx\/index.php\/wp-json\/wp\/v2\/posts\/53121\/revisions\/53123"}],"wp:featuredmedia":[{"embeddable":true,"href":"https:\/\/lahora.mx\/index.php\/wp-json\/wp\/v2\/media\/53122"}],"wp:attachment":[{"href":"https:\/\/lahora.mx\/index.php\/wp-json\/wp\/v2\/media?parent=53121"}],"wp:term":[{"taxonomy":"category","embeddable":true,"href":"https:\/\/lahora.mx\/index.php\/wp-json\/wp\/v2\/categories?post=53121"},{"taxonomy":"post_tag","embeddable":true,"href":"https:\/\/lahora.mx\/index.php\/wp-json\/wp\/v2\/tags?post=53121"}],"curies":[{"name":"wp","href":"https:\/\/api.w.org\/{rel}","templated":true}]}}