{"id":53063,"date":"2024-10-07T02:02:50","date_gmt":"2024-10-07T02:02:50","guid":{"rendered":"http:\/\/lahora.mx\/?p=53063"},"modified":"2024-10-07T02:02:51","modified_gmt":"2024-10-07T02:02:51","slug":"retiran-parte-de-la-ciclopista-atlixcayotl-tras-llevar-9-meses-de-ser-rehabilitada","status":"publish","type":"post","link":"https:\/\/lahora.mx\/index.php\/2024\/10\/07\/retiran-parte-de-la-ciclopista-atlixcayotl-tras-llevar-9-meses-de-ser-rehabilitada\/","title":{"rendered":"Retiran parte de la Ciclopista Atlixc\u00e1yotl, tras llevar 9 meses de ser rehabilitada"},"content":{"rendered":"\n<p>A nueve meses de la rehabilitaci\u00f3n de la ciclopista del bulevar Atlixc\u00e1yotl, una parte de la obra fue retirada, ya que obstruye la construcci\u00f3n del Paso Inferior Vehicular que se realiza sobre C\u00famulo de Virgo.<\/p>\n\n\n\n<p>Los ciclistas y peatones usuarios de la vialidad consideran inc\u00f3modo este nuevo cierre de circulaci\u00f3n, e incluso peligroso; recordemos que la inversi\u00f3n para la mejora de la ciclopista fue de 62 millones de pesos (mdp).<\/p>\n\n\n\n<p>Fue esta semana que un tramo de la ciclopista fue retirado por las obras que se realizan sobre C\u00famulo de Virgo y que atraviesan la zona. En ella cruzan peatones y ciclistas que deben atravesar sobre el bulevar Atlixc\u00e1yotl.<\/p>\n\n\n\n<p>En el medio del camino, en el cruce de las bicicletas sobre la ciclov\u00eda, hay un anuncio que dice cerrado por obras lo que ha imposibilitado puedan transitar tanto ciclistas como corredores.<\/p>\n\n\n\n<p>El anunci\u00f3 obliga a todos los usuarios a bajar de la ciclopista y caminar sobre uno de los carriles del bulevar Atlixc\u00e1yotl, hasta que encuentren otra incorporaci\u00f3n y nuevamente crucen la vialidad para regresar a la ciclov\u00eda.<\/p>\n\n\n\n<p>La parte que retiraron de la ciclopista tiene al menos unos tres metros de distancia.<\/p>\n\n\n\n<p>Ciclopista cost\u00f3 62 mdp y ya le quitaron un tramo: es inc\u00f3modo, acusan usuarios<br>e-consulta entrevist\u00f3 a algunos ciclistas, como Hugo Ram\u00edrez, de 46 a\u00f1os, cuya rutina consiste en salir con su bicicleta a la ciclopista cada domingo, quien se posicion\u00f3 ante el cierre.<\/p>\n\n\n\n<p>\u201cSe me hace inc\u00f3modo, m\u00e1s que peligroso es inc\u00f3modo, porque tenemos que bajar con la bici, es complicado en la rampa de bajada, a veces es complicado bajar si tienes una bicicleta grande, pero en general creo que todos tenemos ese mismo problema\u201d, indic\u00f3.<\/p>\n\n\n\n<p>El 27 de enero pasado, el gobernador de Puebla, Sergio Salom\u00f3n C\u00e9spedes Peregrina, inaugur\u00f3 la rehabilitaci\u00f3n de la ciclopista en Angel\u00f3polis, con una inversi\u00f3n de 62 millones de pesos; la obra refrendaba el apoyo a los ciclistas, asegur\u00f3 ese d\u00eda.<\/p>\n\n\n\n<p>La obra solo dur\u00f3 al 100 por ciento en su operaci\u00f3n nueve meses. Aunque se puede transitar en otras zonas, el tramo en frente del Complejo Cultural Universitario que se junta con el puente peatonal ya no puede circularse.<\/p>\n","protected":false},"excerpt":{"rendered":"<p>A nueve meses de la rehabilitaci\u00f3n de la ciclopista del bulevar Atlixc\u00e1yotl, una parte de la obra fue retirada, ya que obstruye la construcci\u00f3n del Paso Inferior Vehicular que se realiza sobre C\u00famulo de Virgo. Los ciclistas y peatones usuarios de la vialidad consideran inc\u00f3modo este nuevo cierre de circulaci\u00f3n, e incluso peligroso; recordemos que [&hellip;]<\/p>\n","protected":false},"author":4,"featured_media":53064,"comment_status":"open","ping_status":"open","sticky":false,"template":"","format":"standard","meta":{"om_disable_all_campaigns":false,"_monsterinsights_skip_tracking":false,"_monsterinsights_sitenote_active":false,"_monsterinsights_sitenote_note":"","_monsterinsights_sitenote_category":0,"footnotes":""},"categories":[175],"tags":[223],"class_list":["post-53063","post","type-post","status-publish","format-standard","has-post-thumbnail","hentry","category-local","tag-puebla"],"amp_enabled":true,"_links":{"self":[{"href":"https:\/\/lahora.mx\/index.php\/wp-json\/wp\/v2\/posts\/53063","targetHints":{"allow":["GET"]}}],"collection":[{"href":"https:\/\/lahora.mx\/index.php\/wp-json\/wp\/v2\/posts"}],"about":[{"href":"https:\/\/lahora.mx\/index.php\/wp-json\/wp\/v2\/types\/post"}],"author":[{"embeddable":true,"href":"https:\/\/lahora.mx\/index.php\/wp-json\/wp\/v2\/users\/4"}],"replies":[{"embeddable":true,"href":"https:\/\/lahora.mx\/index.php\/wp-json\/wp\/v2\/comments?post=53063"}],"version-history":[{"count":1,"href":"https:\/\/lahora.mx\/index.php\/wp-json\/wp\/v2\/posts\/53063\/revisions"}],"predecessor-version":[{"id":53065,"href":"https:\/\/lahora.mx\/index.php\/wp-json\/wp\/v2\/posts\/53063\/revisions\/53065"}],"wp:featuredmedia":[{"embeddable":true,"href":"https:\/\/lahora.mx\/index.php\/wp-json\/wp\/v2\/media\/53064"}],"wp:attachment":[{"href":"https:\/\/lahora.mx\/index.php\/wp-json\/wp\/v2\/media?parent=53063"}],"wp:term":[{"taxonomy":"category","embeddable":true,"href":"https:\/\/lahora.mx\/index.php\/wp-json\/wp\/v2\/categories?post=53063"},{"taxonomy":"post_tag","embeddable":true,"href":"https:\/\/lahora.mx\/index.php\/wp-json\/wp\/v2\/tags?post=53063"}],"curies":[{"name":"wp","href":"https:\/\/api.w.org\/{rel}","templated":true}]}}