{"id":53060,"date":"2024-10-07T01:58:21","date_gmt":"2024-10-07T01:58:21","guid":{"rendered":"http:\/\/lahora.mx\/?p=53060"},"modified":"2024-10-07T01:58:22","modified_gmt":"2024-10-07T01:58:22","slug":"se-acerca-el-39-festival-internacional-de-titeres-en-tlaxcala","status":"publish","type":"post","link":"https:\/\/lahora.mx\/index.php\/2024\/10\/07\/se-acerca-el-39-festival-internacional-de-titeres-en-tlaxcala\/","title":{"rendered":"Se acerca el 39\u00b0 Festival Internacional de T\u00edteres en Tlaxcala"},"content":{"rendered":"\n<p>En el estado de Tlaxcala podr\u00e1s celebrar del 39\u00b0 Festival Internacional de T\u00edteres \u00abRosete Aranda\u00bb (FITRA), que se celebrar\u00e1 del 7 al 25 de octubre. Este evento busca fortalecer la identidad cultural de la regi\u00f3n y promover la participaci\u00f3n ciudadana en expresiones art\u00edsticas.<\/p>\n\n\n\n<p>Karen Villeda, titular de la Secretar\u00eda de Cultura de Tlaxcala, present\u00f3 el plan cultural que se implementar\u00e1 en el marco del festival. La agenda incluye estrategias como la participaci\u00f3n comunitaria, la colaboraci\u00f3n interinstitucional y la educaci\u00f3n cultural, con el objetivo de integrar a todos los sectores de la poblaci\u00f3n.<\/p>\n\n\n\n<p>El festival se enfocar\u00e1 en la inclusi\u00f3n y la diversidad, garantizando el acceso a actividades culturales para grupos vulnerables, como pueblos ind\u00edgenas, personas con discapacidad y mujeres. Adem\u00e1s, se crear\u00e1n 10 estaciones culturales en municipios clave como Tocatl\u00e1n y Calpulalpan.<\/p>\n\n\n\n<p>Entre las actividades m\u00e1s destacadas, se llevar\u00e1n a cabo 91 eventos con la participaci\u00f3n de seis grupos locales, once nacionales y siete internacionales. La inauguraci\u00f3n tendr\u00e1 lugar el 13 de octubre en el Teatro Xicoht\u00e9ncatl y se espera superar los 17 mil asistentes de la edici\u00f3n anterior.<\/p>\n\n\n\n<p>Durante el festival, se entregar\u00e1 la Presea Rosete Aranda al artista Roberto Romero Ramos y se impartir\u00e1 un taller sobre t\u00edteres h\u00edbridos en el Museo de Arte de Tlaxcala. La clausura ser\u00e1 el 25 de octubre en Huamantla.<\/p>\n\n\n\n<p>El festival ofrece una oportunidad \u00fanica para disfrutar de la cultura en Tlaxcala. Para m\u00e1s informaci\u00f3n, consulta la programaci\u00f3n en el sitio oficial de la Secretar\u00eda de Cultura de Tlaxcala.<\/p>\n","protected":false},"excerpt":{"rendered":"<p>En el estado de Tlaxcala podr\u00e1s celebrar del 39\u00b0 Festival Internacional de T\u00edteres \u00abRosete Aranda\u00bb (FITRA), que se celebrar\u00e1 del 7 al 25 de octubre. Este evento busca fortalecer la identidad cultural de la regi\u00f3n y promover la participaci\u00f3n ciudadana en expresiones art\u00edsticas. Karen Villeda, titular de la Secretar\u00eda de Cultura de Tlaxcala, present\u00f3 el [&hellip;]<\/p>\n","protected":false},"author":4,"featured_media":53061,"comment_status":"open","ping_status":"open","sticky":false,"template":"","format":"standard","meta":{"om_disable_all_campaigns":false,"_monsterinsights_skip_tracking":false,"_monsterinsights_sitenote_active":false,"_monsterinsights_sitenote_note":"","_monsterinsights_sitenote_category":0,"footnotes":""},"categories":[175],"tags":[223,210],"class_list":["post-53060","post","type-post","status-publish","format-standard","has-post-thumbnail","hentry","category-local","tag-puebla","tag-tlaxcala"],"amp_enabled":true,"_links":{"self":[{"href":"https:\/\/lahora.mx\/index.php\/wp-json\/wp\/v2\/posts\/53060","targetHints":{"allow":["GET"]}}],"collection":[{"href":"https:\/\/lahora.mx\/index.php\/wp-json\/wp\/v2\/posts"}],"about":[{"href":"https:\/\/lahora.mx\/index.php\/wp-json\/wp\/v2\/types\/post"}],"author":[{"embeddable":true,"href":"https:\/\/lahora.mx\/index.php\/wp-json\/wp\/v2\/users\/4"}],"replies":[{"embeddable":true,"href":"https:\/\/lahora.mx\/index.php\/wp-json\/wp\/v2\/comments?post=53060"}],"version-history":[{"count":1,"href":"https:\/\/lahora.mx\/index.php\/wp-json\/wp\/v2\/posts\/53060\/revisions"}],"predecessor-version":[{"id":53062,"href":"https:\/\/lahora.mx\/index.php\/wp-json\/wp\/v2\/posts\/53060\/revisions\/53062"}],"wp:featuredmedia":[{"embeddable":true,"href":"https:\/\/lahora.mx\/index.php\/wp-json\/wp\/v2\/media\/53061"}],"wp:attachment":[{"href":"https:\/\/lahora.mx\/index.php\/wp-json\/wp\/v2\/media?parent=53060"}],"wp:term":[{"taxonomy":"category","embeddable":true,"href":"https:\/\/lahora.mx\/index.php\/wp-json\/wp\/v2\/categories?post=53060"},{"taxonomy":"post_tag","embeddable":true,"href":"https:\/\/lahora.mx\/index.php\/wp-json\/wp\/v2\/tags?post=53060"}],"curies":[{"name":"wp","href":"https:\/\/api.w.org\/{rel}","templated":true}]}}