{"id":53055,"date":"2024-10-07T01:52:11","date_gmt":"2024-10-07T01:52:11","guid":{"rendered":"http:\/\/lahora.mx\/?p=53055"},"modified":"2024-10-07T01:52:12","modified_gmt":"2024-10-07T01:52:12","slug":"roban-libro-y-danan-escultura-de-elena-garro-en-puebla","status":"publish","type":"post","link":"https:\/\/lahora.mx\/index.php\/2024\/10\/07\/roban-libro-y-danan-escultura-de-elena-garro-en-puebla\/","title":{"rendered":"Roban libro y da\u00f1an escultura de Elena Garro en Puebla"},"content":{"rendered":"\n<p>Elena Garro, novelista y dramaturga mexicana, sufri\u00f3 un nuevo agravio, pero esta vez en el centro de Puebla. La escultura que la representa, ubicada en el Parque de San Luis, fue vandalizada este fin de semana. Los responsables se llevaron el libro de cobre que sosten\u00eda y le mutilaron dos dedos.<\/p>\n\n\n\n<p>El monumento, parte de un corredor cultural de la calle 5 de Mayo, ha quedado visiblemente afectado, lo que caus\u00f3 gran indignaci\u00f3n entre los poblanos. Los ciudadanos expresaron su molestia a trav\u00e9s de redes sociales, exigiendo medidas m\u00e1s efectivas para la protecci\u00f3n de estos monumentos hist\u00f3ricos.<\/p>\n\n\n\n<p>El lugar donde se encuentra la estatua de Elena Garro cuenta con un cerco de vigilancia del Ayuntamiento de Puebla, lo que gener\u00f3 cr\u00edticas por la falta de acci\u00f3n. El robo de esta pieza se suma a una serie de incidentes de vandalismo en el primer cuadro de la ciudad, donde monumentos y estatuas han sido objetivo de robos en los \u00faltimos a\u00f1os.<\/p>\n\n\n\n<p>En agosto, en el marco del aniversario luctuoso de Elena Garro, la estatua hab\u00eda sufrido actos similares de vandalismo, lo que provoc\u00f3 indignaci\u00f3n entre los habitantes de Puebla. A pesar de las m\u00faltiples denuncias en redes sociales, las autoridades locales no actuaron para proteger la escultura ni reforzaron las medidas de seguridad. Este descuido permiti\u00f3 que la obra volviera a ser v\u00edctima de un nuevo ataque.<\/p>\n\n\n\n<p>Roban libro y da\u00f1an escultura de Elena Garro en Puebla<br>En 2023, se registraron otros casos similares, como el robo de las alas de una escultura en la calle 6 Oriente y la placa conmemorativa de las estatuas de Pl\u00e1cido Domingo y H\u00e9ctor Azar en el Teatro Principal. Estos incidentes, aunque aislados, evidencian una creciente preocupaci\u00f3n por el patrimonio art\u00edstico de la ciudad.<\/p>\n\n\n\n<p>La escultura de Elena Garro fue inaugurada como parte de la rehabilitaci\u00f3n del corredor 5 de Mayo, con una inversi\u00f3n de m\u00e1s de tres millones de pesos. A pesar de esta inversi\u00f3n, la falta de mantenimiento y seguridad adecuada ha dejado vulnerables a estas obras.<\/p>\n\n\n\n<p>Roban libro y da\u00f1an escultura de Elena Garro en Puebla<br>Se espera que el Ayuntamiento de Puebla tome medidas para restaurar la escultura y prevenir futuros actos de vandalismo, aunque hasta el momento no se ha informado sobre alg\u00fan avance en las investigaciones. <\/p>\n","protected":false},"excerpt":{"rendered":"<p>Elena Garro, novelista y dramaturga mexicana, sufri\u00f3 un nuevo agravio, pero esta vez en el centro de Puebla. La escultura que la representa, ubicada en el Parque de San Luis, fue vandalizada este fin de semana. Los responsables se llevaron el libro de cobre que sosten\u00eda y le mutilaron dos dedos. El monumento, parte de [&hellip;]<\/p>\n","protected":false},"author":4,"featured_media":53057,"comment_status":"open","ping_status":"open","sticky":false,"template":"","format":"standard","meta":{"om_disable_all_campaigns":false,"_monsterinsights_skip_tracking":false,"_monsterinsights_sitenote_active":false,"_monsterinsights_sitenote_note":"","_monsterinsights_sitenote_category":0,"footnotes":""},"categories":[175,226],"tags":[223],"class_list":["post-53055","post","type-post","status-publish","format-standard","has-post-thumbnail","hentry","category-local","category-policia","tag-puebla"],"amp_enabled":true,"_links":{"self":[{"href":"https:\/\/lahora.mx\/index.php\/wp-json\/wp\/v2\/posts\/53055","targetHints":{"allow":["GET"]}}],"collection":[{"href":"https:\/\/lahora.mx\/index.php\/wp-json\/wp\/v2\/posts"}],"about":[{"href":"https:\/\/lahora.mx\/index.php\/wp-json\/wp\/v2\/types\/post"}],"author":[{"embeddable":true,"href":"https:\/\/lahora.mx\/index.php\/wp-json\/wp\/v2\/users\/4"}],"replies":[{"embeddable":true,"href":"https:\/\/lahora.mx\/index.php\/wp-json\/wp\/v2\/comments?post=53055"}],"version-history":[{"count":1,"href":"https:\/\/lahora.mx\/index.php\/wp-json\/wp\/v2\/posts\/53055\/revisions"}],"predecessor-version":[{"id":53058,"href":"https:\/\/lahora.mx\/index.php\/wp-json\/wp\/v2\/posts\/53055\/revisions\/53058"}],"wp:featuredmedia":[{"embeddable":true,"href":"https:\/\/lahora.mx\/index.php\/wp-json\/wp\/v2\/media\/53057"}],"wp:attachment":[{"href":"https:\/\/lahora.mx\/index.php\/wp-json\/wp\/v2\/media?parent=53055"}],"wp:term":[{"taxonomy":"category","embeddable":true,"href":"https:\/\/lahora.mx\/index.php\/wp-json\/wp\/v2\/categories?post=53055"},{"taxonomy":"post_tag","embeddable":true,"href":"https:\/\/lahora.mx\/index.php\/wp-json\/wp\/v2\/tags?post=53055"}],"curies":[{"name":"wp","href":"https:\/\/api.w.org\/{rel}","templated":true}]}}