{"id":53050,"date":"2024-10-07T01:47:37","date_gmt":"2024-10-07T01:47:37","guid":{"rendered":"http:\/\/lahora.mx\/?p=53050"},"modified":"2024-10-07T01:47:38","modified_gmt":"2024-10-07T01:47:38","slug":"dos-heridos-y-caballos-muertos-en-serdan-tras-ataque-de-abejas","status":"publish","type":"post","link":"https:\/\/lahora.mx\/index.php\/2024\/10\/07\/dos-heridos-y-caballos-muertos-en-serdan-tras-ataque-de-abejas\/","title":{"rendered":"Dos heridos y caballos muertos en Serd\u00e1n tras ataque de abejas"},"content":{"rendered":"\n<p>Este domingo, bomberos de Ciudad Serd\u00e1n acudieron al rescate de dos personas que fueron atacadas por un enjambre de abejas en terrenos de cultivo cercanos a la carretera estatal Ciudad Serd\u00e1n-Veladero, en el kil\u00f3metro 3. El incidente ocurri\u00f3 mientras las v\u00edctimas trabajaban en el campo junto con sus caballos, quienes no sobrevivieron al ataque masivo de los insectos.<\/p>\n\n\n\n<p>El ataque ocurri\u00f3 de manera repentina, cuando las abejas comenzaron a agitarse y se fueron contra las dos personas, quienes intentaron protegerse sin \u00e9xito. Testigos del hecho solicitaron ayuda de los cuerpos de emergencia, quienes llegaron r\u00e1pidamente al lugar. Lamentablemente, al arribo de los bomberos, los caballos ya hab\u00edan fallecido debido a la cantidad de picaduras recibidas.<\/p>\n\n\n\n<p>Los dos heridos, cuyas identidades no han sido reveladas, presentaban m\u00faltiples picaduras y fueron trasladados de inmediato al Hospital General de Ciudad Serd\u00e1n para recibir atenci\u00f3n m\u00e9dica. Seg\u00fan informes preliminares, ambos se encuentran estables, aunque con diversas reacciones al\u00e9rgicas debido al veneno de las abejas.<\/p>\n\n\n\n<p>Autoridades hicieron una advertencia a los agricultores y pobladores de la zona a tener precauci\u00f3n en \u00e1reas donde puedan encontrarse colmenas, especialmente en esta temporada en la que tienden a ser m\u00e1s agresivas.<\/p>\n","protected":false},"excerpt":{"rendered":"<p>Este domingo, bomberos de Ciudad Serd\u00e1n acudieron al rescate de dos personas que fueron atacadas por un enjambre de abejas en terrenos de cultivo cercanos a la carretera estatal Ciudad Serd\u00e1n-Veladero, en el kil\u00f3metro 3. El incidente ocurri\u00f3 mientras las v\u00edctimas trabajaban en el campo junto con sus caballos, quienes no sobrevivieron al ataque masivo [&hellip;]<\/p>\n","protected":false},"author":4,"featured_media":53053,"comment_status":"open","ping_status":"open","sticky":false,"template":"","format":"standard","meta":{"om_disable_all_campaigns":false,"_monsterinsights_skip_tracking":false,"_monsterinsights_sitenote_active":false,"_monsterinsights_sitenote_note":"","_monsterinsights_sitenote_category":0,"footnotes":""},"categories":[175,226],"tags":[223],"class_list":["post-53050","post","type-post","status-publish","format-standard","has-post-thumbnail","hentry","category-local","category-policia","tag-puebla"],"amp_enabled":true,"_links":{"self":[{"href":"https:\/\/lahora.mx\/index.php\/wp-json\/wp\/v2\/posts\/53050","targetHints":{"allow":["GET"]}}],"collection":[{"href":"https:\/\/lahora.mx\/index.php\/wp-json\/wp\/v2\/posts"}],"about":[{"href":"https:\/\/lahora.mx\/index.php\/wp-json\/wp\/v2\/types\/post"}],"author":[{"embeddable":true,"href":"https:\/\/lahora.mx\/index.php\/wp-json\/wp\/v2\/users\/4"}],"replies":[{"embeddable":true,"href":"https:\/\/lahora.mx\/index.php\/wp-json\/wp\/v2\/comments?post=53050"}],"version-history":[{"count":1,"href":"https:\/\/lahora.mx\/index.php\/wp-json\/wp\/v2\/posts\/53050\/revisions"}],"predecessor-version":[{"id":53054,"href":"https:\/\/lahora.mx\/index.php\/wp-json\/wp\/v2\/posts\/53050\/revisions\/53054"}],"wp:featuredmedia":[{"embeddable":true,"href":"https:\/\/lahora.mx\/index.php\/wp-json\/wp\/v2\/media\/53053"}],"wp:attachment":[{"href":"https:\/\/lahora.mx\/index.php\/wp-json\/wp\/v2\/media?parent=53050"}],"wp:term":[{"taxonomy":"category","embeddable":true,"href":"https:\/\/lahora.mx\/index.php\/wp-json\/wp\/v2\/categories?post=53050"},{"taxonomy":"post_tag","embeddable":true,"href":"https:\/\/lahora.mx\/index.php\/wp-json\/wp\/v2\/tags?post=53050"}],"curies":[{"name":"wp","href":"https:\/\/api.w.org\/{rel}","templated":true}]}}