{"id":52990,"date":"2024-10-05T01:44:50","date_gmt":"2024-10-05T01:44:50","guid":{"rendered":"http:\/\/lahora.mx\/?p=52990"},"modified":"2024-10-05T01:44:50","modified_gmt":"2024-10-05T01:44:50","slug":"recibir-la-presea-tlaxcala-refleja-el-deber-cumplido-beatriz-paredes","status":"publish","type":"post","link":"https:\/\/lahora.mx\/index.php\/2024\/10\/05\/recibir-la-presea-tlaxcala-refleja-el-deber-cumplido-beatriz-paredes\/","title":{"rendered":"Recibir la Presea Tlaxcala refleja el deber cumplido: Beatriz Paredes"},"content":{"rendered":"\n<p>Al recibir la Presea Tlaxcala 2024, la destacada pol\u00edtica y exgobernadora Beatriz Elena Paredes Rangel reconoci\u00f3 que esta condecoraci\u00f3n es el reflejo del deber cumplido y que llega en un momento hist\u00f3rico, en el que por primera vez despu\u00e9s de 200 a\u00f1os una mujer gobierna el pa\u00eds.<br>Desde el imponente Teatro Xicoht\u00e9ncatl, la exmandataria tlaxcalteca, que cuenta con una vasta carrera pol\u00edtica, destac\u00f3 el simbolismo de recibir la presea en su estado natal, a dos d\u00edas de la toma de protesta de la presidenta constitucional, Claudia Sheinbaum Pardo.<\/p>\n\n\n\n<p>\u201c<br>Como feminista que soy. Como precursora de la participaci\u00f3n pol\u00edtica de las mujeres en varios aspectos, valoro la importancia de este acontecimiento que es un hito de la historia de M\u00e9xico, estoy segura que la se\u00f1ora gobernadora, Lorena Cu\u00e9llar Cisneros, trabajar\u00e1 estrechamente con la presidenta en beneficio del desarrollo del pueblo de Tlaxcala<br>\u201d, abund\u00f3.<\/p>\n\n\n\n<p>Record\u00f3 que hace m\u00e1s de 50 a\u00f1os, con pasos titubeantes junto con un grupo de j\u00f3venes, arrib\u00f3 al escenario del Teatro Xicoht\u00e9ncatl para presentar una composici\u00f3n musical para Tlaxcala denominada \u201cMi sue\u00f1o\u201d, en el Certamen de la Canci\u00f3n convocado por el Patronato de la Feria de Tlaxcala.<\/p>\n\n\n\n<p>Ante un repleto Teatro Xicoht\u00e9ncatl, Beatriz Paredes Rangel enfatiz\u00f3 que \u201choy se escribe una nueva historia en Tlaxcala, y qu\u00e9 bueno que as\u00ed sea, porque la renovaci\u00f3n siempre es saludable\u201d.<br><br>Al agradecer a quienes la han acompa\u00f1ado a lo largo de su trayectoria en las \u201caventuras pol\u00edticas\u201d, en las tareas parlamentarias, en el ejercicio del gobierno estatal, en la funci\u00f3n p\u00fablica, en el gobierno federal, sostuvo que buena parte de lo que ha logrado se los debe.<\/p>\n\n\n\n<p>Exalt\u00f3 que la mayor parte de las oportunidades que ha tenido se las debe al pueblo y al sufragio de los tlaxcaltecas y, por ello, resalt\u00f3 que en el marco del 499 aniversario de fundaci\u00f3n de la ciudad de Tlaxcala haya sido reconocida.<\/p>\n\n\n\n<p>La oriunda de Tizatl\u00e1n enfatiz\u00f3 su orgullo de ser condecorada en \u201cla ni\u00f1a Tlaxcala\u201d de Miguel N. Lira, en la que las mujeres tienen una mayor participaci\u00f3n pol\u00edtica y que los integrantes del ayuntamiento capitalino decidieron destacar su trayectoria.<\/p>\n\n\n\n<p>La exmandataria habl\u00f3 no s\u00f3lo de sus maestros de las escuelas, sino tambi\u00e9n de quienes lo fueron en su vida.<br>El evento, programado a las 17:00 horas de ayer y que dur\u00f3 casi una hora, reuni\u00f3 a los exgobernadores Alfonso S\u00e1nchez Anaya, H\u00e9ctor Israel Ortiz Ortiz y Marco Antonio Mena Rodr\u00edguez, adem\u00e1s de tener como testigo de honor a la gobernadora Lorena Cu\u00e9llar Cisneros.<\/p>\n\n\n\n<p>Ah\u00ed, Paredes Rangel explic\u00f3 lo significativo de la distinci\u00f3n y rememor\u00f3 su desarrollo infantil y juvenil, su vocaci\u00f3n como agrarista, legisladora local y federal, funcionaria p\u00fablica, embajadora, entre otros cargos.<br>Manifest\u00f3 que ha vivido a plenitud todos los momentos de su existencia, sin divagar en ning\u00fan momento, y resalt\u00f3 que ha tratado de aportar a la transformaci\u00f3n democr\u00e1tica en el tiempo que le ha tocado vivir, al expresar que en Tlaxcala la esencia de la reflexi\u00f3n se nutre \u201cal asumirnos como parte del altiplano central del pa\u00eds, en la aur\u00edcula izquierda del coraz\u00f3n de la patria\u201d.<\/p>\n\n\n\n<p>Cit\u00f3 parte del mensaje que dirigiera en su primer informe como gobernadora de Tlaxcala (1987-1992), en el que apunt\u00f3 que \u201cla entidad es cuna de grandes culturas mesoamericanas, zona de valles, laderas, de magueyeras\u2026 el pol\u00edgono en el que libraron sus guerras floridas los tlaxcaltecas y los aztecas\u201d.<\/p>\n\n\n\n<p>Paredes Rangel coment\u00f3 que recibir un reconocimiento siempre es un hecho de la mayor relevancia, al tiempo que, dijo, no tener las palabras suficientes para expresar su gratitud; sin embargo, recalc\u00f3 que recibirla tras un largo camino recorrido le da satisfacci\u00f3n de la valoraci\u00f3n hecha a su funci\u00f3n.<\/p>\n","protected":false},"excerpt":{"rendered":"<p>Al recibir la Presea Tlaxcala 2024, la destacada pol\u00edtica y exgobernadora Beatriz Elena Paredes Rangel reconoci\u00f3 que esta condecoraci\u00f3n es el reflejo del deber cumplido y que llega en un momento hist\u00f3rico, en el que por primera vez despu\u00e9s de 200 a\u00f1os una mujer gobierna el pa\u00eds.Desde el imponente Teatro Xicoht\u00e9ncatl, la exmandataria tlaxcalteca, que [&hellip;]<\/p>\n","protected":false},"author":4,"featured_media":52991,"comment_status":"open","ping_status":"open","sticky":false,"template":"","format":"standard","meta":{"om_disable_all_campaigns":false,"_monsterinsights_skip_tracking":false,"_monsterinsights_sitenote_active":false,"_monsterinsights_sitenote_note":"","_monsterinsights_sitenote_category":0,"footnotes":""},"categories":[175],"tags":[223,210],"class_list":["post-52990","post","type-post","status-publish","format-standard","has-post-thumbnail","hentry","category-local","tag-puebla","tag-tlaxcala"],"amp_enabled":true,"_links":{"self":[{"href":"https:\/\/lahora.mx\/index.php\/wp-json\/wp\/v2\/posts\/52990","targetHints":{"allow":["GET"]}}],"collection":[{"href":"https:\/\/lahora.mx\/index.php\/wp-json\/wp\/v2\/posts"}],"about":[{"href":"https:\/\/lahora.mx\/index.php\/wp-json\/wp\/v2\/types\/post"}],"author":[{"embeddable":true,"href":"https:\/\/lahora.mx\/index.php\/wp-json\/wp\/v2\/users\/4"}],"replies":[{"embeddable":true,"href":"https:\/\/lahora.mx\/index.php\/wp-json\/wp\/v2\/comments?post=52990"}],"version-history":[{"count":1,"href":"https:\/\/lahora.mx\/index.php\/wp-json\/wp\/v2\/posts\/52990\/revisions"}],"predecessor-version":[{"id":52992,"href":"https:\/\/lahora.mx\/index.php\/wp-json\/wp\/v2\/posts\/52990\/revisions\/52992"}],"wp:featuredmedia":[{"embeddable":true,"href":"https:\/\/lahora.mx\/index.php\/wp-json\/wp\/v2\/media\/52991"}],"wp:attachment":[{"href":"https:\/\/lahora.mx\/index.php\/wp-json\/wp\/v2\/media?parent=52990"}],"wp:term":[{"taxonomy":"category","embeddable":true,"href":"https:\/\/lahora.mx\/index.php\/wp-json\/wp\/v2\/categories?post=52990"},{"taxonomy":"post_tag","embeddable":true,"href":"https:\/\/lahora.mx\/index.php\/wp-json\/wp\/v2\/tags?post=52990"}],"curies":[{"name":"wp","href":"https:\/\/api.w.org\/{rel}","templated":true}]}}