{"id":5297,"date":"2022-04-11T20:49:43","date_gmt":"2022-04-11T20:49:43","guid":{"rendered":"http:\/\/lahora.mx\/?p=5297"},"modified":"2022-04-11T20:49:44","modified_gmt":"2022-04-11T20:49:44","slug":"con-participacion-de-hasta-18-en-revocacion-de-mandato-pero-se-necesita-40-para-ser-valida-menciona-el-ine","status":"publish","type":"post","link":"https:\/\/lahora.mx\/index.php\/2022\/04\/11\/con-participacion-de-hasta-18-en-revocacion-de-mandato-pero-se-necesita-40-para-ser-valida-menciona-el-ine\/","title":{"rendered":"\u00a0Con participaci\u00f3n de hasta 18% en revocaci\u00f3n de mandato pero se necesita 40% para ser v\u00e1lida menciona el INE"},"content":{"rendered":"\n<p>Esta noche, el Instituto Nacional Electoral, el (INE) dio sus cifras del conteo r\u00e1pido de la consulta de revocaci\u00f3n de mandato del presidente Andr\u00e9s Manuel L\u00f3pez Obrador (<strong>AMLO<\/strong>).<\/p>\n\n\n\n<p>Durante la sesi\u00f3n extraordinaria del Consejo General del INE, el consejero presidente,\u00a0<strong>Lorenzo C\u00f3rdova<\/strong>, indic\u00f3 que de una muestra de \u00a0mil 830 casillas, se recibi\u00f3 informaci\u00f3n de mil 753 casillas, las cuales representan el 95.8% de la muestra total.<br>De acuerdo con dicha informaci\u00f3n se estima que la participaci\u00f3n ciudadana se encuentra entre el 17 y 18.2%.<\/p>\n\n\n\n<p>De acuerdo con el conteo r\u00e1pido, el n\u00famero de votos con 18% de participaci\u00f3n llegar\u00eda a 16 millones 704 mil 976. Asimismo, se detall\u00f3 el porcentaje de cada una de las opciones de respuesta de la revocaci\u00f3n de mandato. Que se le revoque el mandato por p\u00e9rdida de la confianza, cuenta con un porcentaje m\u00ednimo de 6.4 y m\u00e1ximo de 7.8%.<\/p>\n\n\n\n<p>El dirigente nacional de\u00a0Morena,\u00a0Mario Delgado, afirm\u00f3 que \u00absin duda\u00bb, el ejercicio de la\u00a0revocaci\u00f3n de mandato\u00a0fue un \u00e9xito para la democracia en M\u00e9xico.<br>Pese a ello evit\u00f3 ofrecer las cifras preliminares que arroj\u00f3 la militancia, quienes vigilaron 99.9% de las casillas con m\u00e1s de 150 mil personas desplazadas.<\/p>\n\n\n\n<p>\u00abCelebrar el resultado contundente por las primeras cifras que tenemos en favor de nuestro Presidente. Tenemos estimaciones, pero vamos a esperar a que la autoridad d\u00e9 la cifra oficial para no caer en ninguna especulaci\u00f3n\u00bb, explic\u00f3.<br>Mario Delgado felicit\u00f3 a la ciudadan\u00eda mexicana y asegur\u00f3 que en nuestro pa\u00eds \u00abtenemos mucho pueblo\u00bb.<\/p>\n\n\n\n<p>Delgado Carrillo asever\u00f3 que este domingo, la gente reconoci\u00f3 la entrega del Ejecutivo \u00aben favor de los m\u00e1s necesitados\u00bb y \u00abla enorme autoridad moral con la que se conduce\u00bb.<\/p>\n\n\n\n<p>Consider\u00f3 que la gente se moviliz\u00f3 en todo el pa\u00eds \u201ca pesar de los obst\u00e1culos que puso la autoridad electoral, c\u00f3mplices del r\u00e9gimen corrupto y autoritario del pasado\u201d.&nbsp;<\/p>\n\n\n\n<p>\u00abSeguimos haciendo historia, y el principio del obradorismo hoy es una realidad, el pueblo pone y el pueblo quita, en la cuarta transformaci\u00f3n el pueblo manda\u00bb, concluy\u00f3.<\/p>\n","protected":false},"excerpt":{"rendered":"<p>Esta noche, el Instituto Nacional Electoral, el (INE) dio sus cifras del conteo r\u00e1pido de la consulta de revocaci\u00f3n de mandato del presidente Andr\u00e9s Manuel L\u00f3pez Obrador (AMLO). Durante la sesi\u00f3n extraordinaria del Consejo General del INE, el consejero presidente,\u00a0Lorenzo C\u00f3rdova, indic\u00f3 que de una muestra de \u00a0mil 830 casillas, se recibi\u00f3 informaci\u00f3n de mil [&hellip;]<\/p>\n","protected":false},"author":4,"featured_media":5298,"comment_status":"open","ping_status":"open","sticky":false,"template":"","format":"standard","meta":{"om_disable_all_campaigns":false,"_monsterinsights_skip_tracking":false,"_monsterinsights_sitenote_active":false,"_monsterinsights_sitenote_note":"","_monsterinsights_sitenote_category":0,"footnotes":""},"categories":[176],"tags":[195],"class_list":["post-5297","post","type-post","status-publish","format-standard","has-post-thumbnail","hentry","category-nacional","tag-principal"],"amp_enabled":true,"_links":{"self":[{"href":"https:\/\/lahora.mx\/index.php\/wp-json\/wp\/v2\/posts\/5297","targetHints":{"allow":["GET"]}}],"collection":[{"href":"https:\/\/lahora.mx\/index.php\/wp-json\/wp\/v2\/posts"}],"about":[{"href":"https:\/\/lahora.mx\/index.php\/wp-json\/wp\/v2\/types\/post"}],"author":[{"embeddable":true,"href":"https:\/\/lahora.mx\/index.php\/wp-json\/wp\/v2\/users\/4"}],"replies":[{"embeddable":true,"href":"https:\/\/lahora.mx\/index.php\/wp-json\/wp\/v2\/comments?post=5297"}],"version-history":[{"count":1,"href":"https:\/\/lahora.mx\/index.php\/wp-json\/wp\/v2\/posts\/5297\/revisions"}],"predecessor-version":[{"id":5299,"href":"https:\/\/lahora.mx\/index.php\/wp-json\/wp\/v2\/posts\/5297\/revisions\/5299"}],"wp:featuredmedia":[{"embeddable":true,"href":"https:\/\/lahora.mx\/index.php\/wp-json\/wp\/v2\/media\/5298"}],"wp:attachment":[{"href":"https:\/\/lahora.mx\/index.php\/wp-json\/wp\/v2\/media?parent=5297"}],"wp:term":[{"taxonomy":"category","embeddable":true,"href":"https:\/\/lahora.mx\/index.php\/wp-json\/wp\/v2\/categories?post=5297"},{"taxonomy":"post_tag","embeddable":true,"href":"https:\/\/lahora.mx\/index.php\/wp-json\/wp\/v2\/tags?post=5297"}],"curies":[{"name":"wp","href":"https:\/\/api.w.org\/{rel}","templated":true}]}}