{"id":5294,"date":"2022-04-11T20:43:14","date_gmt":"2022-04-11T20:43:14","guid":{"rendered":"http:\/\/lahora.mx\/?p=5294"},"modified":"2022-04-11T20:43:16","modified_gmt":"2022-04-11T20:43:16","slug":"amlo-celebra-resultados-de-la-revocacion-de-mandato","status":"publish","type":"post","link":"https:\/\/lahora.mx\/index.php\/2022\/04\/11\/amlo-celebra-resultados-de-la-revocacion-de-mandato\/","title":{"rendered":"AMLO celebra resultados de la revocaci\u00f3n de mandato"},"content":{"rendered":"\n<p>El presidente Andr\u00e9s Manuel L\u00f3pez Obrador inform\u00f3 que grab\u00f3 un video luego de los resultados de la revocaci\u00f3n de mandato <\/p>\n\n\n\n<p>\u00abAcabo de terminar de grabar un mensaje sobre los resultados de la consulta del d\u00eda de hoy. En unos minutos m\u00e1s estar\u00e1 disponible. Adelanto: les quiero mucho\u00bb, escribi\u00f3.<br>Seg\u00fan los resultados del conteo r\u00e1pido del INE, la participaci\u00f3n ser\u00eda de hasta 18%, por lo que el ejercicio no ser\u00eda vinculante.\u00a0 Cerca de las 11 26 de la noche, el presidente subi\u00f3 el video:\u00a0<br><\/p>\n\n\n\n<p>En su mensaje, el presidente dijo que el ejercicio de revocaci\u00f3n es un paso adelante en hacer valer la democracia, y avanzar a la democracia participativa.<\/p>\n\n\n\n<p>\u00abA pesar de los pesares, mucha gente sali\u00f3 a votar el d\u00eda de hoy, seg\u00fan los c\u00e1lculos oficiales, m\u00e1s de 17 millones de mexicanos, a pesar de que no se instalaron casillas; s\u00f3lo se instalaron el 30% de las casillas de 2018, una tercera parte\u00bb,&nbsp;dijo.<\/p>\n\n\n\n<p>\u00abQuiero agradecerles, porque mpas del 90% vot\u00f3 para que termine mi mandato. Quieren que yo contin\u00fae hasta septiembre de 2024. Amor con amor se paga. Me quedo y vamos a continuar con la transformaci\u00f3n del pa\u00eds\u00bb, asegur\u00f3.\u00a0\u00a0<br>Dijo que obtuvo m\u00e1s votos ahora que en 2006, \u00abse calcula que obtuve 15 millones, 671 mil\u00bb.<br><\/p>\n\n\n\n<p>Compar\u00f3 adem\u00e1s los resultados con\u00a0los obtuvo en 2012, con los que consiguieron Anaya o Meade en la elecci\u00f3n de 2018.<br>Asegur\u00f3 que el instrumento servir\u00e1 en un futuro, cuando sea necesario quitar a un gobernante que no haga un buen trabajo.<br>Llam\u00f3 a los \u00abconservadores\u00bb a la reflexi\u00f3n. Pidi\u00f3 no optar por la abstenci\u00f3n. La democracia no es s\u00f3lo cuando nos conviene, dijo.\u00a0\u00a0<br>\u00abVoy a seguir sirviendo hasta el \u00faltimo d\u00eda de mi mandato\u00bb, dijo el presidente, al tiempo de que asegur\u00f3 que no es partidario de la reelecci\u00f3n.\u00a0<\/p>\n","protected":false},"excerpt":{"rendered":"<p>El presidente Andr\u00e9s Manuel L\u00f3pez Obrador inform\u00f3 que grab\u00f3 un video luego de los resultados de la revocaci\u00f3n de mandato \u00abAcabo de terminar de grabar un mensaje sobre los resultados de la consulta del d\u00eda de hoy. En unos minutos m\u00e1s estar\u00e1 disponible. Adelanto: les quiero mucho\u00bb, escribi\u00f3.Seg\u00fan los resultados del conteo r\u00e1pido del INE, [&hellip;]<\/p>\n","protected":false},"author":4,"featured_media":5295,"comment_status":"open","ping_status":"open","sticky":false,"template":"","format":"standard","meta":{"om_disable_all_campaigns":false,"_monsterinsights_skip_tracking":false,"_monsterinsights_sitenote_active":false,"_monsterinsights_sitenote_note":"","_monsterinsights_sitenote_category":0,"footnotes":""},"categories":[176],"tags":[195],"class_list":["post-5294","post","type-post","status-publish","format-standard","has-post-thumbnail","hentry","category-nacional","tag-principal"],"amp_enabled":true,"_links":{"self":[{"href":"https:\/\/lahora.mx\/index.php\/wp-json\/wp\/v2\/posts\/5294","targetHints":{"allow":["GET"]}}],"collection":[{"href":"https:\/\/lahora.mx\/index.php\/wp-json\/wp\/v2\/posts"}],"about":[{"href":"https:\/\/lahora.mx\/index.php\/wp-json\/wp\/v2\/types\/post"}],"author":[{"embeddable":true,"href":"https:\/\/lahora.mx\/index.php\/wp-json\/wp\/v2\/users\/4"}],"replies":[{"embeddable":true,"href":"https:\/\/lahora.mx\/index.php\/wp-json\/wp\/v2\/comments?post=5294"}],"version-history":[{"count":1,"href":"https:\/\/lahora.mx\/index.php\/wp-json\/wp\/v2\/posts\/5294\/revisions"}],"predecessor-version":[{"id":5296,"href":"https:\/\/lahora.mx\/index.php\/wp-json\/wp\/v2\/posts\/5294\/revisions\/5296"}],"wp:featuredmedia":[{"embeddable":true,"href":"https:\/\/lahora.mx\/index.php\/wp-json\/wp\/v2\/media\/5295"}],"wp:attachment":[{"href":"https:\/\/lahora.mx\/index.php\/wp-json\/wp\/v2\/media?parent=5294"}],"wp:term":[{"taxonomy":"category","embeddable":true,"href":"https:\/\/lahora.mx\/index.php\/wp-json\/wp\/v2\/categories?post=5294"},{"taxonomy":"post_tag","embeddable":true,"href":"https:\/\/lahora.mx\/index.php\/wp-json\/wp\/v2\/tags?post=5294"}],"curies":[{"name":"wp","href":"https:\/\/api.w.org\/{rel}","templated":true}]}}