{"id":52805,"date":"2024-09-27T01:05:32","date_gmt":"2024-09-27T01:05:32","guid":{"rendered":"http:\/\/lahora.mx\/?p=52805"},"modified":"2024-10-01T01:25:11","modified_gmt":"2024-10-01T01:25:11","slug":"se-instalan-en-el-congreso-del-estado-cinco-comisiones-generales-suman-34","status":"publish","type":"post","link":"https:\/\/lahora.mx\/index.php\/2024\/09\/27\/se-instalan-en-el-congreso-del-estado-cinco-comisiones-generales-suman-34\/","title":{"rendered":"Se instalan en el Congreso del Estado cinco Comisiones Generales; suman 34"},"content":{"rendered":"\n<p>Este viernes en el Congreso del Estado se instalaron formalmente las Comisiones de Medio Ambiente, Recursos Naturales y Cambio Clim\u00e1tico; Asuntos Municipales; Procuraci\u00f3n y Administraci\u00f3n de Justicia; Igualdad de G\u00e9nero y Desarrollo Rural, con lo cual suman 34 los \u00f3rganos colegiados establecidos, m\u00e1s los cinco comit\u00e9s instalados.<\/p>\n\n\n\n<p>Esto, con la finalidad de instalar las Comisiones durante los treinta d\u00edas naturales posteriores a su nombramiento por el Pleno del Congreso, que dispone el art\u00edculo 53 del Reglamento Interior del Congreso del Estado.<\/p>\n\n\n\n<p>Los \u00f3rganos colegiados que se establecieron formalmente son:<\/p>\n\n\n\n<p>Comisi\u00f3n de Medio Ambiente, Recursos Naturales y Cambio Clim\u00e1tico<br>Presidenta: Beatriz Manrique Guevara<br>Secretaria: Esther Mart\u00ednez Romano<br>Vocal: Elpidio D\u00edaz Escobar<br>Vocal: Floricel Gonz\u00e1lez M\u00e9ndez<br>Vocal: Kathya S\u00e1nchez Rodr\u00edguez<br>Vocal: Jaime Alejandro Aurioles Barroeta<br>Vocal: Ana Lilia Tepole Armenta<\/p>\n\n\n\n<p>Comisi\u00f3n de Asuntos Municipales<br>Presidenta: Guadalupe Yamak Taja<br>Secretaria: Mar\u00eda Fernanda de la Barreda Ang\u00f3n<br>Vocal: Laura Guadalupe Vargas Vargas<br>Vocal: El\u00edas Lozada Ortega<br>Vocal: Rosal\u00edo Zanatta Vidaurri<br>Vocal: Leonela Jazm\u00edn Mart\u00ednez Ayala<br>Vocal: Luana Armida Amador Vallejo<\/p>\n\n\n\n<p>Comisi\u00f3n de Procuraci\u00f3n y Administraci\u00f3n de Justicia<br>Presidente: \u00d3scar Mauricio C\u00e9spedes Peregrina<br>Secretaria: Elvia Graciela Palomares Ram\u00edrez<br>Vocal: Jos\u00e9 Miguel Trujillo de Ita<br>Vocal: Norma Estela Pimentel M\u00e9ndez<br>Vocal: Araceli Celestino Rosas<br>Vocal: Susana del Carmen Riestra Pi\u00f1a<br>Vocal: Fedrha Isabel Suriano Corrales<\/p>\n\n\n\n<p>Comisi\u00f3n de Igualdad de G\u00e9nero<br>Presidenta: Xel Arianna Hern\u00e1ndez Garc\u00eda<br>Secretaria: Kathya S\u00e1nchez Rodr\u00edguez<br>Vocal: Elvia Graciela Palomares Ram\u00edrez<br>Vocal: Leonela Jazm\u00edn Mart\u00ednez Ayala<br>Vocal: Ana Laura G\u00f3mez Ram\u00edrez<br>Vocal: Ana Lilia Tepole Armenta<br>Vocal: Delfina Pozos Vergara<\/p>\n\n\n\n<p>Comisi\u00f3n de Desarrollo Rural<br>Presidente: P\u00e1vel Gaspar Ram\u00edrez<br>Secretaria: Ana Laura Altamirano P\u00e9rez<br>Vocal: Laura Guadalupe Vargas Vargas<br>Vocal: \u00d3scar Mauricio C\u00e9spedes Peregrina<br>Vocal: Floricel Gonz\u00e1lez M\u00e9ndez<br>Vocal: Araceli Celestino Rosas<br>Vocal: Marcos Castro Mart\u00ednez<\/p>\n","protected":false},"excerpt":{"rendered":"<p>Este viernes en el Congreso del Estado se instalaron formalmente las Comisiones de Medio Ambiente, Recursos Naturales y Cambio Clim\u00e1tico; Asuntos Municipales; Procuraci\u00f3n y Administraci\u00f3n de Justicia; Igualdad de G\u00e9nero y Desarrollo Rural, con lo cual suman 34 los \u00f3rganos colegiados establecidos, m\u00e1s los cinco comit\u00e9s instalados. Esto, con la finalidad de instalar las Comisiones [&hellip;]<\/p>\n","protected":false},"author":4,"featured_media":52806,"comment_status":"open","ping_status":"open","sticky":false,"template":"","format":"standard","meta":{"om_disable_all_campaigns":false,"_monsterinsights_skip_tracking":false,"_monsterinsights_sitenote_active":false,"_monsterinsights_sitenote_note":"","_monsterinsights_sitenote_category":0,"footnotes":""},"categories":[175],"tags":[227,223],"class_list":["post-52805","post","type-post","status-publish","format-standard","has-post-thumbnail","hentry","category-local","tag-congreso","tag-puebla"],"amp_enabled":true,"_links":{"self":[{"href":"https:\/\/lahora.mx\/index.php\/wp-json\/wp\/v2\/posts\/52805","targetHints":{"allow":["GET"]}}],"collection":[{"href":"https:\/\/lahora.mx\/index.php\/wp-json\/wp\/v2\/posts"}],"about":[{"href":"https:\/\/lahora.mx\/index.php\/wp-json\/wp\/v2\/types\/post"}],"author":[{"embeddable":true,"href":"https:\/\/lahora.mx\/index.php\/wp-json\/wp\/v2\/users\/4"}],"replies":[{"embeddable":true,"href":"https:\/\/lahora.mx\/index.php\/wp-json\/wp\/v2\/comments?post=52805"}],"version-history":[{"count":1,"href":"https:\/\/lahora.mx\/index.php\/wp-json\/wp\/v2\/posts\/52805\/revisions"}],"predecessor-version":[{"id":52807,"href":"https:\/\/lahora.mx\/index.php\/wp-json\/wp\/v2\/posts\/52805\/revisions\/52807"}],"wp:featuredmedia":[{"embeddable":true,"href":"https:\/\/lahora.mx\/index.php\/wp-json\/wp\/v2\/media\/52806"}],"wp:attachment":[{"href":"https:\/\/lahora.mx\/index.php\/wp-json\/wp\/v2\/media?parent=52805"}],"wp:term":[{"taxonomy":"category","embeddable":true,"href":"https:\/\/lahora.mx\/index.php\/wp-json\/wp\/v2\/categories?post=52805"},{"taxonomy":"post_tag","embeddable":true,"href":"https:\/\/lahora.mx\/index.php\/wp-json\/wp\/v2\/tags?post=52805"}],"curies":[{"name":"wp","href":"https:\/\/api.w.org\/{rel}","templated":true}]}}