{"id":52754,"date":"2024-09-29T21:05:23","date_gmt":"2024-09-29T21:05:23","guid":{"rendered":"http:\/\/lahora.mx\/?p=52754"},"modified":"2024-09-29T21:05:24","modified_gmt":"2024-09-29T21:05:24","slug":"15-muertos-en-acapulco-tras-paso-del-huracan-john","status":"publish","type":"post","link":"https:\/\/lahora.mx\/index.php\/2024\/09\/29\/15-muertos-en-acapulco-tras-paso-del-huracan-john\/","title":{"rendered":"15 muertos en Acapulco tras paso del hurac\u00e1n John"},"content":{"rendered":"\n<p>El presidente Andr\u00e9s Manuel L\u00f3pez Obrador inform\u00f3, a trav\u00e9s de su cuenta de X, que el agua ha comenzado a bajar en Acapulco, luego de las lluvias provocadas por el hurac\u00e1n John.<\/p>\n\n\n\n<p>\u201cLes comparto el \u00faltimo informe de Protecci\u00f3n Civil sobre la inundaci\u00f3n en Acapulco, est\u00e1 bajando el agua, aunque hay mucho lodo en las calles que ya empezaron a limpiarse\u201d, poste\u00f3.<\/p>\n\n\n\n<p>Asimismo, inform\u00f3 que fue restablecido el servicio el\u00e9ctrico y concluy\u00f3 la evacuaci\u00f3n: \u201cHay mil personas en refugios, se garantizan tres comidas calientes diarias, servicios de salud y se entregan despensas y agua. No hay saqueos\u201d, indic\u00f3.<\/p>\n\n\n\n<p>Respecto al n\u00famero de v\u00edctimas tras el paso del hurac\u00e1n John, dijo que de acuerdo con la Fiscal\u00eda de Guerrero, fueron 15 muertos.<\/p>\n\n\n\n<p>\u201cEst\u00e1 por concluir la primera fase del rescate humanitario del Ej\u00e9rcito, la Marina y la Guardia Nacional e iniciar\u00e1 el censo casa por casa con la participaci\u00f3n de Servidores de la Naci\u00f3n para entregar apoyo directo a los damnificados. Tambi\u00e9n se trabaja en restablecer la comunicaci\u00f3n con la Costa Grande\u201d, dio a conocer a trav\u00e9s de sus redes sociales.<\/p>\n\n\n\n<p>Asimismo, inform\u00f3 que en Michoac\u00e1n hubo una evacuaci\u00f3n preventiva de 275 personas que est\u00e1n en refugios temporales por el desfogue de la presa La Villita.<\/p>\n","protected":false},"excerpt":{"rendered":"<p>El presidente Andr\u00e9s Manuel L\u00f3pez Obrador inform\u00f3, a trav\u00e9s de su cuenta de X, que el agua ha comenzado a bajar en Acapulco, luego de las lluvias provocadas por el hurac\u00e1n John. \u201cLes comparto el \u00faltimo informe de Protecci\u00f3n Civil sobre la inundaci\u00f3n en Acapulco, est\u00e1 bajando el agua, aunque hay mucho lodo en las [&hellip;]<\/p>\n","protected":false},"author":4,"featured_media":52755,"comment_status":"open","ping_status":"open","sticky":false,"template":"","format":"standard","meta":{"om_disable_all_campaigns":false,"_monsterinsights_skip_tracking":false,"_monsterinsights_sitenote_active":false,"_monsterinsights_sitenote_note":"","_monsterinsights_sitenote_category":0,"footnotes":""},"categories":[176],"tags":[195],"class_list":["post-52754","post","type-post","status-publish","format-standard","has-post-thumbnail","hentry","category-nacional","tag-principal"],"amp_enabled":true,"_links":{"self":[{"href":"https:\/\/lahora.mx\/index.php\/wp-json\/wp\/v2\/posts\/52754","targetHints":{"allow":["GET"]}}],"collection":[{"href":"https:\/\/lahora.mx\/index.php\/wp-json\/wp\/v2\/posts"}],"about":[{"href":"https:\/\/lahora.mx\/index.php\/wp-json\/wp\/v2\/types\/post"}],"author":[{"embeddable":true,"href":"https:\/\/lahora.mx\/index.php\/wp-json\/wp\/v2\/users\/4"}],"replies":[{"embeddable":true,"href":"https:\/\/lahora.mx\/index.php\/wp-json\/wp\/v2\/comments?post=52754"}],"version-history":[{"count":1,"href":"https:\/\/lahora.mx\/index.php\/wp-json\/wp\/v2\/posts\/52754\/revisions"}],"predecessor-version":[{"id":52756,"href":"https:\/\/lahora.mx\/index.php\/wp-json\/wp\/v2\/posts\/52754\/revisions\/52756"}],"wp:featuredmedia":[{"embeddable":true,"href":"https:\/\/lahora.mx\/index.php\/wp-json\/wp\/v2\/media\/52755"}],"wp:attachment":[{"href":"https:\/\/lahora.mx\/index.php\/wp-json\/wp\/v2\/media?parent=52754"}],"wp:term":[{"taxonomy":"category","embeddable":true,"href":"https:\/\/lahora.mx\/index.php\/wp-json\/wp\/v2\/categories?post=52754"},{"taxonomy":"post_tag","embeddable":true,"href":"https:\/\/lahora.mx\/index.php\/wp-json\/wp\/v2\/tags?post=52754"}],"curies":[{"name":"wp","href":"https:\/\/api.w.org\/{rel}","templated":true}]}}