{"id":5274,"date":"2022-04-10T21:39:43","date_gmt":"2022-04-10T21:39:43","guid":{"rendered":"http:\/\/lahora.mx\/?p=5274"},"modified":"2022-04-10T21:40:13","modified_gmt":"2022-04-10T21:40:13","slug":"14-denuncias-por-irregularidades-durante-jornada-de-revocacion-de-mandato-recibe-fiscalia","status":"publish","type":"post","link":"https:\/\/lahora.mx\/index.php\/2022\/04\/10\/14-denuncias-por-irregularidades-durante-jornada-de-revocacion-de-mandato-recibe-fiscalia\/","title":{"rendered":"14 denuncias por irregularidades durante jornada de revocaci\u00f3n de mandato recibe Fiscal\u00eda"},"content":{"rendered":"\n<p>La Fiscal\u00eda Especializada en materia de Delitos Electorales (<strong>FISEL<\/strong>) de la Fiscal\u00eda General de la Rep\u00fablica (<strong>FGR<\/strong>) ha recibido hasta ahora 14 denuncias por irregularidades durante el proceso de&nbsp;revocaci\u00f3n de mandato que se realiza este domingo.<\/p>\n\n\n\n<p>De acuerdo con la Fiscal\u00eda encabezada por&nbsp;<strong>Jos\u00e9 Agust\u00edn Ortiz Pinchetti<\/strong>, las denuncias recibidas hasta ahora ser\u00e1n atendidas.<br><\/p>\n\n\n\n<p>Para ello afirm\u00f3 que cuenta con el apoyo de las delegaciones de la FGR en las 32 entidades de la Rep\u00fablica.<\/p>\n\n\n\n<p>\u201cLa #Fiscal\u00edaElectoral atiende las denuncias presentadas por la ciudadan\u00eda referentes al proceso de #Revocaci\u00f3nDeMandato. Hasta el momento se han contabilizado 14 denuncias, mismas que ser\u00e1n atendidas y determinadas conforme a derecho\u201d, se\u00f1al\u00f3 la FISEL a trav\u00e9s de su cuenta oficial de Twitter.<\/p>\n\n\n\n<p>\u201cLa #Fiscal\u00edaElectoral cuenta con el apoyo de las Delegaciones de la FGR en las 32 entidades de la Rep\u00fablica para la captaci\u00f3n de denuncias presentadas con motivo de este ejercicio democr\u00e1tico\u201d.<\/p>\n\n\n\n<p>A diferencia de otros ejercicios de sufragio, el titular de la FISEL no ha emitido ning\u00fan mensaje en lo que va de la jornada.<\/p>\n","protected":false},"excerpt":{"rendered":"<p>La Fiscal\u00eda Especializada en materia de Delitos Electorales (FISEL) de la Fiscal\u00eda General de la Rep\u00fablica (FGR) ha recibido hasta ahora 14 denuncias por irregularidades durante el proceso de&nbsp;revocaci\u00f3n de mandato que se realiza este domingo. De acuerdo con la Fiscal\u00eda encabezada por&nbsp;Jos\u00e9 Agust\u00edn Ortiz Pinchetti, las denuncias recibidas hasta ahora ser\u00e1n atendidas. Para ello [&hellip;]<\/p>\n","protected":false},"author":4,"featured_media":5275,"comment_status":"open","ping_status":"open","sticky":false,"template":"","format":"standard","meta":{"om_disable_all_campaigns":false,"_monsterinsights_skip_tracking":false,"_monsterinsights_sitenote_active":false,"_monsterinsights_sitenote_note":"","_monsterinsights_sitenote_category":0,"footnotes":""},"categories":[176],"tags":[],"class_list":["post-5274","post","type-post","status-publish","format-standard","has-post-thumbnail","hentry","category-nacional"],"amp_enabled":true,"_links":{"self":[{"href":"https:\/\/lahora.mx\/index.php\/wp-json\/wp\/v2\/posts\/5274","targetHints":{"allow":["GET"]}}],"collection":[{"href":"https:\/\/lahora.mx\/index.php\/wp-json\/wp\/v2\/posts"}],"about":[{"href":"https:\/\/lahora.mx\/index.php\/wp-json\/wp\/v2\/types\/post"}],"author":[{"embeddable":true,"href":"https:\/\/lahora.mx\/index.php\/wp-json\/wp\/v2\/users\/4"}],"replies":[{"embeddable":true,"href":"https:\/\/lahora.mx\/index.php\/wp-json\/wp\/v2\/comments?post=5274"}],"version-history":[{"count":2,"href":"https:\/\/lahora.mx\/index.php\/wp-json\/wp\/v2\/posts\/5274\/revisions"}],"predecessor-version":[{"id":5277,"href":"https:\/\/lahora.mx\/index.php\/wp-json\/wp\/v2\/posts\/5274\/revisions\/5277"}],"wp:featuredmedia":[{"embeddable":true,"href":"https:\/\/lahora.mx\/index.php\/wp-json\/wp\/v2\/media\/5275"}],"wp:attachment":[{"href":"https:\/\/lahora.mx\/index.php\/wp-json\/wp\/v2\/media?parent=5274"}],"wp:term":[{"taxonomy":"category","embeddable":true,"href":"https:\/\/lahora.mx\/index.php\/wp-json\/wp\/v2\/categories?post=5274"},{"taxonomy":"post_tag","embeddable":true,"href":"https:\/\/lahora.mx\/index.php\/wp-json\/wp\/v2\/tags?post=5274"}],"curies":[{"name":"wp","href":"https:\/\/api.w.org\/{rel}","templated":true}]}}