{"id":52694,"date":"2024-09-18T22:28:21","date_gmt":"2024-09-18T22:28:21","guid":{"rendered":"http:\/\/lahora.mx\/?p=52694"},"modified":"2024-09-28T22:30:35","modified_gmt":"2024-09-28T22:30:35","slug":"fortalece-gobierno-de-puebla-atencion-ciudadana-con-estados-colindantes","status":"publish","type":"post","link":"https:\/\/lahora.mx\/index.php\/2024\/09\/18\/fortalece-gobierno-de-puebla-atencion-ciudadana-con-estados-colindantes\/","title":{"rendered":"Fortalece gobierno de Puebla atenci\u00f3n ciudadana con estados colindantes"},"content":{"rendered":"\n<p>Para fortalecer la atenci\u00f3n, canalizaci\u00f3n y respuesta a la ciudadan\u00eda de manera integral, el gobierno presente de Sergio Salom\u00f3n, a trav\u00e9s de la Secretar\u00eda de Gobernaci\u00f3n (SEGOB), llev\u00f3 a cabo la instalaci\u00f3n de la \u201cMesa de Coordinaci\u00f3n Interestatal de Atenci\u00f3n Ciudadana\u201d con Ciudad de M\u00e9xico, Tlaxcala, Veracruz, Hidalgo, Guerrero, Estado de M\u00e9xico, Morelos y Oaxaca.<\/p>\n\n\n\n<p>En su intervenci\u00f3n, el subsecretario Jur\u00eddico, Arturo Madrid Echegaray, en representaci\u00f3n del titular de la SEGOB, Javier Aquino Lim\u00f3n, se\u00f1al\u00f3 que el gobierno estatal prioriza siempre la atenci\u00f3n y soluci\u00f3n a las demandas de la ciudadan\u00eda, por ello este encuentro busca robustecer la comunicaci\u00f3n y coordinaci\u00f3n entre los estados, para que puedan brindar ayuda a la poblaci\u00f3n, aunque se encuentren fuera de su lugar de origen.<\/p>\n\n\n\n<p>Las autoridades de las entidades colindantes celebraron esta iniciativa, la cual establece de manera permanente una sinergia entre las \u00e1reas competentes, para beneficiar directamente a las y los paisanos que as\u00ed lo requieran; adem\u00e1s, coincidieron que en la regi\u00f3n se han detectado casos de ciudadanos que buscan apoyo en materia jur\u00eddica, de salud, administrativa, seguridad p\u00fablica, entre otros; enfatizaron que mediante este acuerdo se agilizar\u00e1 y priorizar\u00e1 la atenci\u00f3n a trav\u00e9s de las mejoras en comunicaci\u00f3n, infraestructura y tecnolog\u00eda.<\/p>\n\n\n\n<p>A la reuni\u00f3n asistieron el subsecretario de Gobierno del Estado de Veracruz, Sergio Ulises Montes Guzm\u00e1n; la coordinadora de Atenci\u00f3n Ciudadana de la Oficina de la gobernadora del Estado de Guerrero, Citlalli Arroyo Galeana; el director de Atenci\u00f3n Ciudadana de la Oficina de la gobernadora del Estado de M\u00e9xico, Claudio Rubio Ch\u00e1vez; la directora de Atenci\u00f3n Ciudadana del Gobierno del Estado de Tlaxcala, Mar\u00eda del Consuelo Carro Gonz\u00e1lez; la directora de Atenci\u00f3n Ciudadana del Gobierno del Estado de Oaxaca, Indira Zurita Lara.<\/p>\n\n\n\n<p>Asimismo, por parte del gobierno de Puebla estuvo presente el director de Atenci\u00f3n y Prevenci\u00f3n de Conflictos Sociales de la Subsecretar\u00eda de Gobierno, Oscar G\u00f3mez Flores; el director general de Delegaciones, Edgar Alejandro G\u00f3mez R\u00edos; el enlace de oficina de Atenci\u00f3n Ciudadana del Gobernador, Jes\u00fas de Francisco Javier Trejo Arenas y la directora de la Unidad de Atenci\u00f3n Social de la SEGOB, Sahad Lorelei Bandera Camacho.<\/p>\n\n\n\n<p><\/p>\n","protected":false},"excerpt":{"rendered":"<p>Para fortalecer la atenci\u00f3n, canalizaci\u00f3n y respuesta a la ciudadan\u00eda de manera integral, el gobierno presente de Sergio Salom\u00f3n, a trav\u00e9s de la Secretar\u00eda de Gobernaci\u00f3n (SEGOB), llev\u00f3 a cabo la instalaci\u00f3n de la \u201cMesa de Coordinaci\u00f3n Interestatal de Atenci\u00f3n Ciudadana\u201d con Ciudad de M\u00e9xico, Tlaxcala, Veracruz, Hidalgo, Guerrero, Estado de M\u00e9xico, Morelos y Oaxaca. [&hellip;]<\/p>\n","protected":false},"author":4,"featured_media":52695,"comment_status":"open","ping_status":"open","sticky":false,"template":"","format":"standard","meta":{"om_disable_all_campaigns":false,"_monsterinsights_skip_tracking":false,"_monsterinsights_sitenote_active":false,"_monsterinsights_sitenote_note":"","_monsterinsights_sitenote_category":0,"footnotes":""},"categories":[175],"tags":[239,223],"class_list":["post-52694","post","type-post","status-publish","format-standard","has-post-thumbnail","hentry","category-local","tag-gobierno","tag-puebla"],"amp_enabled":true,"_links":{"self":[{"href":"https:\/\/lahora.mx\/index.php\/wp-json\/wp\/v2\/posts\/52694","targetHints":{"allow":["GET"]}}],"collection":[{"href":"https:\/\/lahora.mx\/index.php\/wp-json\/wp\/v2\/posts"}],"about":[{"href":"https:\/\/lahora.mx\/index.php\/wp-json\/wp\/v2\/types\/post"}],"author":[{"embeddable":true,"href":"https:\/\/lahora.mx\/index.php\/wp-json\/wp\/v2\/users\/4"}],"replies":[{"embeddable":true,"href":"https:\/\/lahora.mx\/index.php\/wp-json\/wp\/v2\/comments?post=52694"}],"version-history":[{"count":1,"href":"https:\/\/lahora.mx\/index.php\/wp-json\/wp\/v2\/posts\/52694\/revisions"}],"predecessor-version":[{"id":52696,"href":"https:\/\/lahora.mx\/index.php\/wp-json\/wp\/v2\/posts\/52694\/revisions\/52696"}],"wp:featuredmedia":[{"embeddable":true,"href":"https:\/\/lahora.mx\/index.php\/wp-json\/wp\/v2\/media\/52695"}],"wp:attachment":[{"href":"https:\/\/lahora.mx\/index.php\/wp-json\/wp\/v2\/media?parent=52694"}],"wp:term":[{"taxonomy":"category","embeddable":true,"href":"https:\/\/lahora.mx\/index.php\/wp-json\/wp\/v2\/categories?post=52694"},{"taxonomy":"post_tag","embeddable":true,"href":"https:\/\/lahora.mx\/index.php\/wp-json\/wp\/v2\/tags?post=52694"}],"curies":[{"name":"wp","href":"https:\/\/api.w.org\/{rel}","templated":true}]}}