{"id":52673,"date":"2024-09-27T19:50:46","date_gmt":"2024-09-27T19:50:46","guid":{"rendered":"http:\/\/lahora.mx\/?p=52673"},"modified":"2024-09-27T19:52:07","modified_gmt":"2024-09-27T19:52:07","slug":"el-presidente-lopez-obrador-acusa-al-presidente-de-espana-de-faltar-al-respeto-a-sheinbaum","status":"publish","type":"post","link":"https:\/\/lahora.mx\/index.php\/2024\/09\/27\/el-presidente-lopez-obrador-acusa-al-presidente-de-espana-de-faltar-al-respeto-a-sheinbaum\/","title":{"rendered":"El presidente L\u00f3pez Obrador acusa al presidente de Espa\u00f1a de faltar al respeto a Sheinbaum"},"content":{"rendered":"\n<p>El presidente Andr\u00e9s Manuel L\u00f3pez Obrador acus\u00f3 al presidente de Espa\u00f1a, Pedro S\u00e1nchez P\u00e9rez-Castej\u00f3n, de faltar al respeto a la presidenta electa, Claudia Sheinbaum, por insinuar que fue manipulada por \u00e9l para no invitar al Rey Felipe VI a su toma de protesta el pr\u00f3ximo 1 de octubre.<br>Desde Palacio Nacional, en su conferencia matutina, el mandatario federal asegur\u00f3 que la decisi\u00f3n de excluir al Rey Felipe VI fue exclusivamente de la pr\u00f3xima presidenta de M\u00e9xico. El presidente L\u00f3pez Obrador reiter\u00f3 el respaldo hacia la exjefa de Gobierno de la Ciudad de M\u00e9xico en esta y en todas las decisiones que tome.<\/p>\n\n\n\n<p>\u00abAhora con el asunto este de Espa\u00f1a, est\u00e1n faltando al respeto, adem\u00e1s, y eso lo est\u00e1 haciendo el presidente de Espa\u00f1a, a la presidenta electa, porque est\u00e1 diciendo o sugiere que la decisi\u00f3n de no invitar al monarca espa\u00f1ol, que aclaro, fue al rey; se invit\u00f3 al presidente de Espa\u00f1a, se invit\u00f3 al gobierno de Espa\u00f1a, pero ahora \u00e9l est\u00e1 sugiriendo que fue una cuesti\u00f3n pol\u00edtica\u00bb, se\u00f1al\u00f3.<\/p>\n\n\n\n<p>En su \u00faltima conferencia de prensa matutina, el jefe del Ejecutivo reconoci\u00f3 que se trata de una \u201ccuesti\u00f3n pol\u00edtica\u201d la que tom\u00f3 la doctora Sheinbaum Pardo, luego de la falta de respuesta de la corona espa\u00f1ola a la carta que envi\u00f3 el mandatario federal, en la que exigi\u00f3 una disculpa por los abusos cometidos contra los pueblos ind\u00edgenas durante la Conquista.<\/p>\n\n\n\n<p>\u00abS\u00ed, claro que fue una situaci\u00f3n pol\u00edtica, \u00bfde qu\u00e9 otra \u00edndole va a ser una decisi\u00f3n as\u00ed? Pues tiene que ser pol\u00edtica, nada m\u00e1s que est\u00e1 insinuando que fue una decisi\u00f3n que yo tom\u00e9, como si la presidenta de M\u00e9xico fuese manipulable. Es una falta de respeto adicional\u00bb, respondi\u00f3.<\/p>\n\n\n\n<p>El presidente de Espa\u00f1a, Pedro S\u00e1nchez, calific\u00f3 como \u00ababsolutamente inaceptable\u00bb la exclusi\u00f3n del monarca a la toma de protesta de la presidenta electa, Claudia Sheinbaum, por lo que inform\u00f3 que no participar\u00eda nadie de su administraci\u00f3n en la investidura del 1 de octubre.<\/p>\n\n\n\n<p>La presidenta Claudia Sheinbaum explic\u00f3 que la decisi\u00f3n fue por haber ignorado la petici\u00f3n del presidente L\u00f3pez Obrador de ofrecer disculpas por los agravios durante la Conquista.<\/p>\n\n\n\n<p>Tambi\u00e9n aclar\u00f3 este jueves que no hubo una invitaci\u00f3n a la princesa Leonor para su toma de posesi\u00f3n como presidenta de M\u00e9xico, en lugar de su padre, el Rey Felipe VI, y que \u00fanicamente se envi\u00f3 la convocatoria al presidente de Espa\u00f1a, Pedro S\u00e1nchez P\u00e9rez-Castej\u00f3n.<\/p>\n","protected":false},"excerpt":{"rendered":"<p>El presidente Andr\u00e9s Manuel L\u00f3pez Obrador acus\u00f3 al presidente de Espa\u00f1a, Pedro S\u00e1nchez P\u00e9rez-Castej\u00f3n, de faltar al respeto a la presidenta electa, Claudia Sheinbaum, por insinuar que fue manipulada por \u00e9l para no invitar al Rey Felipe VI a su toma de protesta el pr\u00f3ximo 1 de octubre.Desde Palacio Nacional, en su conferencia matutina, el [&hellip;]<\/p>\n","protected":false},"author":4,"featured_media":52674,"comment_status":"open","ping_status":"open","sticky":false,"template":"","format":"standard","meta":{"om_disable_all_campaigns":false,"_monsterinsights_skip_tracking":false,"_monsterinsights_sitenote_active":false,"_monsterinsights_sitenote_note":"","_monsterinsights_sitenote_category":0,"footnotes":""},"categories":[176],"tags":[],"class_list":["post-52673","post","type-post","status-publish","format-standard","has-post-thumbnail","hentry","category-nacional"],"amp_enabled":true,"_links":{"self":[{"href":"https:\/\/lahora.mx\/index.php\/wp-json\/wp\/v2\/posts\/52673","targetHints":{"allow":["GET"]}}],"collection":[{"href":"https:\/\/lahora.mx\/index.php\/wp-json\/wp\/v2\/posts"}],"about":[{"href":"https:\/\/lahora.mx\/index.php\/wp-json\/wp\/v2\/types\/post"}],"author":[{"embeddable":true,"href":"https:\/\/lahora.mx\/index.php\/wp-json\/wp\/v2\/users\/4"}],"replies":[{"embeddable":true,"href":"https:\/\/lahora.mx\/index.php\/wp-json\/wp\/v2\/comments?post=52673"}],"version-history":[{"count":1,"href":"https:\/\/lahora.mx\/index.php\/wp-json\/wp\/v2\/posts\/52673\/revisions"}],"predecessor-version":[{"id":52675,"href":"https:\/\/lahora.mx\/index.php\/wp-json\/wp\/v2\/posts\/52673\/revisions\/52675"}],"wp:featuredmedia":[{"embeddable":true,"href":"https:\/\/lahora.mx\/index.php\/wp-json\/wp\/v2\/media\/52674"}],"wp:attachment":[{"href":"https:\/\/lahora.mx\/index.php\/wp-json\/wp\/v2\/media?parent=52673"}],"wp:term":[{"taxonomy":"category","embeddable":true,"href":"https:\/\/lahora.mx\/index.php\/wp-json\/wp\/v2\/categories?post=52673"},{"taxonomy":"post_tag","embeddable":true,"href":"https:\/\/lahora.mx\/index.php\/wp-json\/wp\/v2\/tags?post=52673"}],"curies":[{"name":"wp","href":"https:\/\/api.w.org\/{rel}","templated":true}]}}