{"id":52651,"date":"2024-09-27T18:21:29","date_gmt":"2024-09-27T18:21:29","guid":{"rendered":"http:\/\/lahora.mx\/?p=52651"},"modified":"2024-09-27T18:21:29","modified_gmt":"2024-09-27T18:21:29","slug":"todo-abuso-sexual-en-escuelas-de-puebla-sera-castigado-menciona-el-gobernador-cespedes","status":"publish","type":"post","link":"https:\/\/lahora.mx\/index.php\/2024\/09\/27\/todo-abuso-sexual-en-escuelas-de-puebla-sera-castigado-menciona-el-gobernador-cespedes\/","title":{"rendered":"Todo abuso sexual en escuelas de Puebla ser\u00e1 castigado menciona el gobernador C\u00e9spedes"},"content":{"rendered":"\n<p>Sobre los recientes casos de abuso sexual en escuelas de Puebla, el gobernador Sergio Salom\u00f3n C\u00e9spedes Peregrina afirm\u00f3 que respeta al magisterio pero, si cometen actos il\u00edcitos, ser\u00e1n castigados con todo el peso de la ley.<\/p>\n\n\n\n<p>Asegur\u00f3 que nadie est\u00e1 por encima de la ley y mucho menos cuando esas personas han cometido un agravio en contra de alguien, en especial el alumnado.<\/p>\n\n\n\n<p>El gobernador de Puebla lament\u00f3 que los casos de abuso sexual persistan en las escuelas del estado y que, en muchas ocasiones, no se hagan las denuncias ante las autoridades escolares.<\/p>\n\n\n\n<p>Por ello exhort\u00f3 a llegar hasta las \u00faltimas consecuencias contra los responsables y que ni directivos ni autoridades solapen las violaciones cometidas.<\/p>\n\n\n\n<p>\u201cSi infringe [un integrante del magisterio] la ley (\u2026) se le debe aplicar todo el peso de ella, nadie por encima (\u2026) y si se le debe de sancionar, que se lo haga\u201d, sentenci\u00f3.<\/p>\n\n\n\n<p>Asegur\u00f3 que siempre reconocer\u00e1 el trabajo de las escuelas de Puebla y su magisterio, pues forman nuevas generaciones, y por ello los temas de abuso sexual deben de ser atendidos a cabalidad.<\/p>\n\n\n\n<p>Destacaron las \u00faltimas semanas casos de abuso sexual por parte de maestros contra alumnas en la escuela Blandina Torres de Mar\u00edn y el Tec de Monterrey, donde padres de familia y la sociedad en general criticaron a las instituciones.<\/p>\n","protected":false},"excerpt":{"rendered":"<p>Sobre los recientes casos de abuso sexual en escuelas de Puebla, el gobernador Sergio Salom\u00f3n C\u00e9spedes Peregrina afirm\u00f3 que respeta al magisterio pero, si cometen actos il\u00edcitos, ser\u00e1n castigados con todo el peso de la ley. Asegur\u00f3 que nadie est\u00e1 por encima de la ley y mucho menos cuando esas personas han cometido un agravio [&hellip;]<\/p>\n","protected":false},"author":4,"featured_media":52652,"comment_status":"open","ping_status":"open","sticky":false,"template":"","format":"standard","meta":{"om_disable_all_campaigns":false,"_monsterinsights_skip_tracking":false,"_monsterinsights_sitenote_active":false,"_monsterinsights_sitenote_note":"","_monsterinsights_sitenote_category":0,"footnotes":""},"categories":[175],"tags":[239,223],"class_list":["post-52651","post","type-post","status-publish","format-standard","has-post-thumbnail","hentry","category-local","tag-gobierno","tag-puebla"],"amp_enabled":true,"_links":{"self":[{"href":"https:\/\/lahora.mx\/index.php\/wp-json\/wp\/v2\/posts\/52651","targetHints":{"allow":["GET"]}}],"collection":[{"href":"https:\/\/lahora.mx\/index.php\/wp-json\/wp\/v2\/posts"}],"about":[{"href":"https:\/\/lahora.mx\/index.php\/wp-json\/wp\/v2\/types\/post"}],"author":[{"embeddable":true,"href":"https:\/\/lahora.mx\/index.php\/wp-json\/wp\/v2\/users\/4"}],"replies":[{"embeddable":true,"href":"https:\/\/lahora.mx\/index.php\/wp-json\/wp\/v2\/comments?post=52651"}],"version-history":[{"count":1,"href":"https:\/\/lahora.mx\/index.php\/wp-json\/wp\/v2\/posts\/52651\/revisions"}],"predecessor-version":[{"id":52653,"href":"https:\/\/lahora.mx\/index.php\/wp-json\/wp\/v2\/posts\/52651\/revisions\/52653"}],"wp:featuredmedia":[{"embeddable":true,"href":"https:\/\/lahora.mx\/index.php\/wp-json\/wp\/v2\/media\/52652"}],"wp:attachment":[{"href":"https:\/\/lahora.mx\/index.php\/wp-json\/wp\/v2\/media?parent=52651"}],"wp:term":[{"taxonomy":"category","embeddable":true,"href":"https:\/\/lahora.mx\/index.php\/wp-json\/wp\/v2\/categories?post=52651"},{"taxonomy":"post_tag","embeddable":true,"href":"https:\/\/lahora.mx\/index.php\/wp-json\/wp\/v2\/tags?post=52651"}],"curies":[{"name":"wp","href":"https:\/\/api.w.org\/{rel}","templated":true}]}}