{"id":52632,"date":"2024-09-27T16:32:30","date_gmt":"2024-09-27T16:32:30","guid":{"rendered":"http:\/\/lahora.mx\/?p=52632"},"modified":"2024-09-27T16:32:30","modified_gmt":"2024-09-27T16:32:30","slug":"el-gobernador-cespedes-inaugura-exposicion-asi-sueno-en-el-mib","status":"publish","type":"post","link":"https:\/\/lahora.mx\/index.php\/2024\/09\/27\/el-gobernador-cespedes-inaugura-exposicion-asi-sueno-en-el-mib\/","title":{"rendered":"El gobernador C\u00e9spedes inaugura exposici\u00f3n As\u00ed Sue\u00f1o en el MIB"},"content":{"rendered":"\n<p>El gobernador de Puebla, Sergio Salom\u00f3n C\u00e9spedes Peregrina, presidi\u00f3 la inauguraci\u00f3n de la exposici\u00f3n As\u00ed Sue\u00f1o, del artista Amador Montes, en el Museo Internacional del Barroco (MIB), que consta de ocho obras monumentales y un video interactivo.<\/p>\n\n\n\n<p>Amador Montes, artista oaxaque\u00f1o con m\u00e1s de 130 exposiciones individuales y colectivas en Am\u00e9rica, Europa y Asia, coment\u00f3 que la experiencia inmersiva se centrar\u00e1 en llevar a los visitantes a un viaje a trav\u00e9s de su universo con t\u00e9cnicas y temas \u00fanicos.<\/p>\n\n\n\n<p>Gobernador C\u00e9spedes inaugura exposici\u00f3n As\u00ed Sue\u00f1o en el MIB<br>En el discurso inaugural C\u00e9spedes se\u00f1al\u00f3 que la exposici\u00f3n de Montes abre una puerta a su mundo interior en un viaje visual que desaf\u00eda cuestionar las percepciones humanas y recalc\u00f3 que la actual administraci\u00f3n garantiz\u00f3 el acceso a la cultura con distintas iniciativas realizadas.<\/p>\n\n\n\n<p>L directora de Museos Puebla, Anel Nochebuena, dijo que a trav\u00e9s de su arte Amador Montes desea que pueblos y artesanos sean revalorados y asegur\u00f3 que, con una concepci\u00f3n profunda de la cultura de M\u00e9xico, cumple con la misi\u00f3n de valorar a los j\u00f3venes que sue\u00f1an y sus antepasados revolucionarios.<\/p>\n\n\n\n<p>Gobernador C\u00e9spedes inaugura exposici\u00f3n As\u00ed Sue\u00f1o en el MIB<br>Se podr\u00e1 disfrutar esta exposici\u00f3n en el MIB en un horario de 10:00 a 19:00 horas, de lunes a s\u00e1bado, con el costo de la entrada general \u201495 pesos\u2014 y entrada especial \u201445 pesos, residentes de Puebla, ni\u00f1os menores de 12, tercera edad y personas con discapacidad\u2014; los domingos el acceso es gratuito.<\/p>\n\n\n\n<p>La oferta cultural para lo que resta de septiembre puede consultarse en las redes sociales del MIB: @museospuebla \u2014Facebook e Instagram\u2014, @PueblaMuseos \u2014X\u2014 y en el sitio web sc.puebla.gob.mx.<\/p>\n","protected":false},"excerpt":{"rendered":"<p>El gobernador de Puebla, Sergio Salom\u00f3n C\u00e9spedes Peregrina, presidi\u00f3 la inauguraci\u00f3n de la exposici\u00f3n As\u00ed Sue\u00f1o, del artista Amador Montes, en el Museo Internacional del Barroco (MIB), que consta de ocho obras monumentales y un video interactivo. Amador Montes, artista oaxaque\u00f1o con m\u00e1s de 130 exposiciones individuales y colectivas en Am\u00e9rica, Europa y Asia, coment\u00f3 [&hellip;]<\/p>\n","protected":false},"author":4,"featured_media":52633,"comment_status":"open","ping_status":"open","sticky":false,"template":"","format":"standard","meta":{"om_disable_all_campaigns":false,"_monsterinsights_skip_tracking":false,"_monsterinsights_sitenote_active":false,"_monsterinsights_sitenote_note":"","_monsterinsights_sitenote_category":0,"footnotes":""},"categories":[175],"tags":[239,195,223],"class_list":["post-52632","post","type-post","status-publish","format-standard","has-post-thumbnail","hentry","category-local","tag-gobierno","tag-principal","tag-puebla"],"amp_enabled":true,"_links":{"self":[{"href":"https:\/\/lahora.mx\/index.php\/wp-json\/wp\/v2\/posts\/52632","targetHints":{"allow":["GET"]}}],"collection":[{"href":"https:\/\/lahora.mx\/index.php\/wp-json\/wp\/v2\/posts"}],"about":[{"href":"https:\/\/lahora.mx\/index.php\/wp-json\/wp\/v2\/types\/post"}],"author":[{"embeddable":true,"href":"https:\/\/lahora.mx\/index.php\/wp-json\/wp\/v2\/users\/4"}],"replies":[{"embeddable":true,"href":"https:\/\/lahora.mx\/index.php\/wp-json\/wp\/v2\/comments?post=52632"}],"version-history":[{"count":1,"href":"https:\/\/lahora.mx\/index.php\/wp-json\/wp\/v2\/posts\/52632\/revisions"}],"predecessor-version":[{"id":52634,"href":"https:\/\/lahora.mx\/index.php\/wp-json\/wp\/v2\/posts\/52632\/revisions\/52634"}],"wp:featuredmedia":[{"embeddable":true,"href":"https:\/\/lahora.mx\/index.php\/wp-json\/wp\/v2\/media\/52633"}],"wp:attachment":[{"href":"https:\/\/lahora.mx\/index.php\/wp-json\/wp\/v2\/media?parent=52632"}],"wp:term":[{"taxonomy":"category","embeddable":true,"href":"https:\/\/lahora.mx\/index.php\/wp-json\/wp\/v2\/categories?post=52632"},{"taxonomy":"post_tag","embeddable":true,"href":"https:\/\/lahora.mx\/index.php\/wp-json\/wp\/v2\/tags?post=52632"}],"curies":[{"name":"wp","href":"https:\/\/api.w.org\/{rel}","templated":true}]}}