{"id":52627,"date":"2024-09-27T03:53:08","date_gmt":"2024-09-27T03:53:08","guid":{"rendered":"http:\/\/lahora.mx\/?p=52627"},"modified":"2024-09-27T03:53:09","modified_gmt":"2024-09-27T03:53:09","slug":"detienen-a-maestro-de-educacion-fisica-por-abuso-sexual-y-violacion-fge-puebla","status":"publish","type":"post","link":"https:\/\/lahora.mx\/index.php\/2024\/09\/27\/detienen-a-maestro-de-educacion-fisica-por-abuso-sexual-y-violacion-fge-puebla\/","title":{"rendered":"Detienen a maestro de educaci\u00f3n f\u00edsica por abuso sexual y violaci\u00f3n: FGE Puebla"},"content":{"rendered":"\n<p>Jos\u00e9 N., de 54 a\u00f1os de edad, maestro de educaci\u00f3n f\u00edsica de la secundaria Blandina Torres de Mar\u00edn, fue detenido por los delitos de abuso sexual y violaci\u00f3n equiparada, inform\u00f3 la Fiscal\u00eda General del Estado (FGE) de Puebla.<\/p>\n\n\n\n<p>En conferencia de medios, la instituci\u00f3n inform\u00f3 este jueves que existen otras dos denuncias contra docentes.<\/p>\n\n\n\n<p>El dictamen m\u00e9dico concluy\u00f3 que existi\u00f3 agresi\u00f3n sexual en agravio de una menor de 13 a\u00f1os de edad, una de las denunciantes.<\/p>\n\n\n\n<p>La FGE sostuvo que el 25 de abril y 26 de mayo de 2024 el maestro realiz\u00f3 \u201cactos lascivos\u201d en contra de la adolescente, al interior del plantel educativo que se ubica en el municipio de San Andr\u00e9s Cholula.<\/p>\n\n\n\n<p>Inform\u00f3 que se encuentra en espera de que un Juez de control establezca la hora y fecha de la audiencia inicial del caso.<\/p>\n\n\n\n<p>Sobre las otras dos denuncias que se realizaron, a\u00fan est\u00e1n siendo investigadas por lo que habr\u00e1 m\u00e1s informaci\u00f3n en pr\u00f3ximos d\u00edas.<\/p>\n\n\n\n<p>Por otra parte, sobre el feminicidio de Alison Amairani, de 14 a\u00f1os de edad, ocurrido en el municipio de Huejotzingo, confirm\u00f3 que hay una persona detenida, aunque asever\u00f3 que a\u00fan las indagatorias est\u00e1n en curso pues se investiga m\u00e1s involucrados en el crimen de la estudiante de secundaria.<\/p>\n\n\n\n<p>Asimismo, dio a conocer que tras la protesta de alumnos del Tec de Monterrey campus Puebla, quienes acusaron acoso y hostigamiento por parte del personal, inform\u00f3 que se realiz\u00f3 una denuncia contra un maestro.<\/p>\n\n\n\n<p>Ante tal situaci\u00f3n, exhort\u00f3 a posibles v\u00edctimas a formalizar sus denuncias ante el Ministerio P\u00fablico.<\/p>\n","protected":false},"excerpt":{"rendered":"<p>Jos\u00e9 N., de 54 a\u00f1os de edad, maestro de educaci\u00f3n f\u00edsica de la secundaria Blandina Torres de Mar\u00edn, fue detenido por los delitos de abuso sexual y violaci\u00f3n equiparada, inform\u00f3 la Fiscal\u00eda General del Estado (FGE) de Puebla. En conferencia de medios, la instituci\u00f3n inform\u00f3 este jueves que existen otras dos denuncias contra docentes. El [&hellip;]<\/p>\n","protected":false},"author":4,"featured_media":52628,"comment_status":"open","ping_status":"open","sticky":false,"template":"","format":"standard","meta":{"om_disable_all_campaigns":false,"_monsterinsights_skip_tracking":false,"_monsterinsights_sitenote_active":false,"_monsterinsights_sitenote_note":"","_monsterinsights_sitenote_category":0,"footnotes":""},"categories":[175,226],"tags":[195,223],"class_list":["post-52627","post","type-post","status-publish","format-standard","has-post-thumbnail","hentry","category-local","category-policia","tag-principal","tag-puebla"],"amp_enabled":true,"_links":{"self":[{"href":"https:\/\/lahora.mx\/index.php\/wp-json\/wp\/v2\/posts\/52627","targetHints":{"allow":["GET"]}}],"collection":[{"href":"https:\/\/lahora.mx\/index.php\/wp-json\/wp\/v2\/posts"}],"about":[{"href":"https:\/\/lahora.mx\/index.php\/wp-json\/wp\/v2\/types\/post"}],"author":[{"embeddable":true,"href":"https:\/\/lahora.mx\/index.php\/wp-json\/wp\/v2\/users\/4"}],"replies":[{"embeddable":true,"href":"https:\/\/lahora.mx\/index.php\/wp-json\/wp\/v2\/comments?post=52627"}],"version-history":[{"count":1,"href":"https:\/\/lahora.mx\/index.php\/wp-json\/wp\/v2\/posts\/52627\/revisions"}],"predecessor-version":[{"id":52629,"href":"https:\/\/lahora.mx\/index.php\/wp-json\/wp\/v2\/posts\/52627\/revisions\/52629"}],"wp:featuredmedia":[{"embeddable":true,"href":"https:\/\/lahora.mx\/index.php\/wp-json\/wp\/v2\/media\/52628"}],"wp:attachment":[{"href":"https:\/\/lahora.mx\/index.php\/wp-json\/wp\/v2\/media?parent=52627"}],"wp:term":[{"taxonomy":"category","embeddable":true,"href":"https:\/\/lahora.mx\/index.php\/wp-json\/wp\/v2\/categories?post=52627"},{"taxonomy":"post_tag","embeddable":true,"href":"https:\/\/lahora.mx\/index.php\/wp-json\/wp\/v2\/tags?post=52627"}],"curies":[{"name":"wp","href":"https:\/\/api.w.org\/{rel}","templated":true}]}}