{"id":52598,"date":"2024-09-26T21:25:19","date_gmt":"2024-09-26T21:25:19","guid":{"rendered":"http:\/\/lahora.mx\/?p=52598"},"modified":"2024-09-26T21:25:19","modified_gmt":"2024-09-26T21:25:19","slug":"reabriran-jfca-el-lunes-sera-oficina-auxiliar-de-la-sede-en-tlaxcala","status":"publish","type":"post","link":"https:\/\/lahora.mx\/index.php\/2024\/09\/26\/reabriran-jfca-el-lunes-sera-oficina-auxiliar-de-la-sede-en-tlaxcala\/","title":{"rendered":"Reabrir\u00e1n JFCA el lunes; ser\u00e1 oficina auxiliar de la sede en Tlaxcala"},"content":{"rendered":"\n<p>A m\u00e1s de dos meses de cierre, la Junta Federal de Conciliaci\u00f3n y Arbitraje (JFCA) n\u00famero 33 en Puebla abrir\u00e1 sus puertas el 30 de septiembre, junto a autoridades de la Secretar\u00eda de Trabajo y Previsi\u00f3n Social (STPS); ser\u00e1 una oficina auxiliar de la Junta de Tlaxcala.<\/p>\n\n\n\n<p>Los abogados que laboran en la JFCL, as\u00ed como los usuarios de esta, celebraron el acuerdo al que se lleg\u00f3 con las instancias federales y el apoyo que les otorg\u00f3 el Gobierno del Estado, declararon.<\/p>\n\n\n\n<p>Los trabajadores explicaron que la sede ser\u00e1 abierta en compa\u00f1\u00eda de representantes de la STPS de la federaci\u00f3n e integrantes de la Confederaci\u00f3n Mexicana de Trabajadores.<br>Ingresar\u00e1n a hacer limpieza, a revisar que el edificio sea seguro para laborar, as\u00ed como a realizar un inventario. El 4 de noviembre comenzar\u00e1 de nuevo la atenci\u00f3n p\u00fablica en la sede de la 31 Oriente.<\/p>\n\n\n\n<p>El acuerdo al que se lleg\u00f3 fue que 2 mil 600 asuntos obrero\u2014patronales que se encontraban en tr\u00e1mite y en fase de instrucci\u00f3n se ir\u00e1n a la JFCA Especial 46 de Tlaxcala.<\/p>\n\n\n\n<p>Todos los asuntos relacionados con el IMSS, ISSSTEP, INFONAVIT, AFORES, que se encontraban desahogando en fase de instrucci\u00f3n y las diligencias de ejecuci\u00f3n que ordene la JFCA Especial 46 se desahogar\u00e1n en dicha sede, y se crear\u00e1 una Junta Auxiliar para su apoyo<\/p>\n\n\n\n<p>Los asuntos con la fase de dictamen y que no est\u00e9n relacionados \u2014en total 249\u2014 con el IMSS, ISSSTE, INFONAVIT, AFORES, ser\u00e1n tramitados en la JFCA Especial con residencia en Oaxaca.<br>En Puebla buscar\u00e1n desahogar la mayor\u00eda de los asuntos en instrucci\u00f3n y relacionados con el Seguro Social, as\u00ed como los que tienen audiencias.<\/p>\n\n\n\n<p>Trabajadores del JFCA Puebla califican de hist\u00f3rico el acuerdo<br>Hasta el momento se sabe que la sede en Puebla cerrar\u00e1 sus puertas por Decreto Federal Oficial, y se prev\u00e9 que esto ocurra en un a\u00f1o, sin embargo, los abogados se dijeron atentos sobre la evoluci\u00f3n de las negociaciones.<\/p>\n\n\n\n<p>Se\u00f1alaron que si bien se logr\u00f3 el consenso entre demandantes y demandados, los abogados de la Junta poblana sostuvieron que no se les integr\u00f3 la totalidad de sus propuestas en el pacto final, aunque reconocieron que es un hecho hist\u00f3rico el acuerdo alcanzado.<\/p>\n\n\n\n<p>\u201cA pesar de que nuestras demandas no fueron admitidas en su integridad, est\u00e1 lucha es hist\u00f3rica y favorece los derechos laborales de uno de los sectores m\u00e1s desprotegidos\u201d, aseguraron en rueda de prensa.<\/p>\n\n\n\n<p>El pasado 17 de junio la Junta 33, ubicada sobre la 31 Oriente, fue cerrada por lo que los abogados trabajadores de la sede realizaron un plant\u00f3n que se extender\u00e1 hasta el pr\u00f3ximo lunes.<\/p>\n","protected":false},"excerpt":{"rendered":"<p>A m\u00e1s de dos meses de cierre, la Junta Federal de Conciliaci\u00f3n y Arbitraje (JFCA) n\u00famero 33 en Puebla abrir\u00e1 sus puertas el 30 de septiembre, junto a autoridades de la Secretar\u00eda de Trabajo y Previsi\u00f3n Social (STPS); ser\u00e1 una oficina auxiliar de la Junta de Tlaxcala. Los abogados que laboran en la JFCL, as\u00ed [&hellip;]<\/p>\n","protected":false},"author":4,"featured_media":52599,"comment_status":"open","ping_status":"open","sticky":false,"template":"","format":"standard","meta":{"om_disable_all_campaigns":false,"_monsterinsights_skip_tracking":false,"_monsterinsights_sitenote_active":false,"_monsterinsights_sitenote_note":"","_monsterinsights_sitenote_category":0,"footnotes":""},"categories":[175],"tags":[223,210],"class_list":["post-52598","post","type-post","status-publish","format-standard","has-post-thumbnail","hentry","category-local","tag-puebla","tag-tlaxcala"],"amp_enabled":true,"_links":{"self":[{"href":"https:\/\/lahora.mx\/index.php\/wp-json\/wp\/v2\/posts\/52598","targetHints":{"allow":["GET"]}}],"collection":[{"href":"https:\/\/lahora.mx\/index.php\/wp-json\/wp\/v2\/posts"}],"about":[{"href":"https:\/\/lahora.mx\/index.php\/wp-json\/wp\/v2\/types\/post"}],"author":[{"embeddable":true,"href":"https:\/\/lahora.mx\/index.php\/wp-json\/wp\/v2\/users\/4"}],"replies":[{"embeddable":true,"href":"https:\/\/lahora.mx\/index.php\/wp-json\/wp\/v2\/comments?post=52598"}],"version-history":[{"count":1,"href":"https:\/\/lahora.mx\/index.php\/wp-json\/wp\/v2\/posts\/52598\/revisions"}],"predecessor-version":[{"id":52600,"href":"https:\/\/lahora.mx\/index.php\/wp-json\/wp\/v2\/posts\/52598\/revisions\/52600"}],"wp:featuredmedia":[{"embeddable":true,"href":"https:\/\/lahora.mx\/index.php\/wp-json\/wp\/v2\/media\/52599"}],"wp:attachment":[{"href":"https:\/\/lahora.mx\/index.php\/wp-json\/wp\/v2\/media?parent=52598"}],"wp:term":[{"taxonomy":"category","embeddable":true,"href":"https:\/\/lahora.mx\/index.php\/wp-json\/wp\/v2\/categories?post=52598"},{"taxonomy":"post_tag","embeddable":true,"href":"https:\/\/lahora.mx\/index.php\/wp-json\/wp\/v2\/tags?post=52598"}],"curies":[{"name":"wp","href":"https:\/\/api.w.org\/{rel}","templated":true}]}}