{"id":52466,"date":"2024-09-25T02:39:58","date_gmt":"2024-09-25T02:39:58","guid":{"rendered":"http:\/\/lahora.mx\/?p=52466"},"modified":"2024-09-25T02:39:58","modified_gmt":"2024-09-25T02:39:58","slug":"el-presidente-municipal-edmundo-tlatehui-entrega-nuevo-panteon-en-tonantzintla","status":"publish","type":"post","link":"https:\/\/lahora.mx\/index.php\/2024\/09\/25\/el-presidente-municipal-edmundo-tlatehui-entrega-nuevo-panteon-en-tonantzintla\/","title":{"rendered":"El presidente municipal Edmundo Tlatehui entrega nuevo pante\u00f3n en Tonantzintla"},"content":{"rendered":"\n<p>El presidente municipal de San Andr\u00e9s Cholula, Edmundo Tlatehui Percino, entreg\u00f3 la primera etapa del nuevo pante\u00f3n \u00abSagrado Coraz\u00f3n de Jes\u00fas\u00bb en la junta auxiliar de Santa Mar\u00eda Tonantzintla.<\/p>\n\n\n\n<p>De esta forma, el edil cumpli\u00f3 con una promesa de m\u00e1s de 12 a\u00f1os, respondiendo a la demanda de los habitantes para contar con un pante\u00f3n en la comunidad.<\/p>\n\n\n\n<p>Mundo Tlatehui destac\u00f3 que se entrega un espacio para el pante\u00f3n funcional y listo para ser usado de inmediato, afirmando que se trata de una primera etapa a falta de una capilla, que espera pueda realizarse posteriormente.<\/p>\n\n\n\n<p>A su vez, pidi\u00f3 a las y los vecinos de Tonantzintla colaborar en su cuidado y mantener el pante\u00f3n limpio, pues es un sitio para honrar y recordar a nuestros seres queridos.<\/p>\n\n\n\n<p>El titular de la Secretar\u00eda de Infraestructura, Miguel \u00c1ngel Macip, detall\u00f3 que el pante\u00f3n abarca un \u00e1rea de m\u00e1s de 8 mil 400 metros cuadrados y cuenta con espacio para unas mil 300 fosas, y se ejecut\u00f3 con una inversi\u00f3n de m\u00e1s de 8 millones 298 mil pesos.<\/p>\n\n\n\n<p>A su vez, el presidente auxiliar de Santa Mar\u00eda Tonantzintla, Rub\u00e9n Mart\u00ednez, agradeci\u00f3 la entrega del pante\u00f3n, aseverando que representa un proyecto de gran importancia para la comunidad.<\/p>\n\n\n\n<p>En el evento estuvieron presentes los regidores Isidro Cuautle, Manuel V\u00e1zquez, \u00c1ngel Minutti y Juan Carlos L\u00f3pez; y las regidoras Yv\u00f3n Guti\u00e9rrez, Mercedes Morales, Iveth Hern\u00e1ndez y Matilde Coyotl.<\/p>\n","protected":false},"excerpt":{"rendered":"<p>El presidente municipal de San Andr\u00e9s Cholula, Edmundo Tlatehui Percino, entreg\u00f3 la primera etapa del nuevo pante\u00f3n \u00abSagrado Coraz\u00f3n de Jes\u00fas\u00bb en la junta auxiliar de Santa Mar\u00eda Tonantzintla. De esta forma, el edil cumpli\u00f3 con una promesa de m\u00e1s de 12 a\u00f1os, respondiendo a la demanda de los habitantes para contar con un pante\u00f3n [&hellip;]<\/p>\n","protected":false},"author":4,"featured_media":52467,"comment_status":"open","ping_status":"open","sticky":false,"template":"","format":"standard","meta":{"om_disable_all_campaigns":false,"_monsterinsights_skip_tracking":false,"_monsterinsights_sitenote_active":false,"_monsterinsights_sitenote_note":"","_monsterinsights_sitenote_category":0,"footnotes":""},"categories":[175],"tags":[234,223],"class_list":["post-52466","post","type-post","status-publish","format-standard","has-post-thumbnail","hentry","category-local","tag-cholula","tag-puebla"],"amp_enabled":true,"_links":{"self":[{"href":"https:\/\/lahora.mx\/index.php\/wp-json\/wp\/v2\/posts\/52466","targetHints":{"allow":["GET"]}}],"collection":[{"href":"https:\/\/lahora.mx\/index.php\/wp-json\/wp\/v2\/posts"}],"about":[{"href":"https:\/\/lahora.mx\/index.php\/wp-json\/wp\/v2\/types\/post"}],"author":[{"embeddable":true,"href":"https:\/\/lahora.mx\/index.php\/wp-json\/wp\/v2\/users\/4"}],"replies":[{"embeddable":true,"href":"https:\/\/lahora.mx\/index.php\/wp-json\/wp\/v2\/comments?post=52466"}],"version-history":[{"count":1,"href":"https:\/\/lahora.mx\/index.php\/wp-json\/wp\/v2\/posts\/52466\/revisions"}],"predecessor-version":[{"id":52468,"href":"https:\/\/lahora.mx\/index.php\/wp-json\/wp\/v2\/posts\/52466\/revisions\/52468"}],"wp:featuredmedia":[{"embeddable":true,"href":"https:\/\/lahora.mx\/index.php\/wp-json\/wp\/v2\/media\/52467"}],"wp:attachment":[{"href":"https:\/\/lahora.mx\/index.php\/wp-json\/wp\/v2\/media?parent=52466"}],"wp:term":[{"taxonomy":"category","embeddable":true,"href":"https:\/\/lahora.mx\/index.php\/wp-json\/wp\/v2\/categories?post=52466"},{"taxonomy":"post_tag","embeddable":true,"href":"https:\/\/lahora.mx\/index.php\/wp-json\/wp\/v2\/tags?post=52466"}],"curies":[{"name":"wp","href":"https:\/\/api.w.org\/{rel}","templated":true}]}}