{"id":5246,"date":"2022-04-09T01:12:37","date_gmt":"2022-04-09T01:12:37","guid":{"rendered":"http:\/\/lahora.mx\/?p=5246"},"modified":"2022-04-09T01:12:38","modified_gmt":"2022-04-09T01:12:38","slug":"impone-ine-medidas-cautelares-a-david-mendez-por-propaganda-gubernamental","status":"publish","type":"post","link":"https:\/\/lahora.mx\/index.php\/2022\/04\/09\/impone-ine-medidas-cautelares-a-david-mendez-por-propaganda-gubernamental\/","title":{"rendered":"Impone INE medidas cautelares a David M\u00e9ndez por propaganda gubernamental"},"content":{"rendered":"\n<p>El Consejo Local del INE en Puebla&nbsp;<strong>impuso medidas cautelares<\/strong>&nbsp;al titular de la Oficina de Representaci\u00f3n del Instituto Nacional de Migraci\u00f3n (INM),<strong>&nbsp;David M\u00e9ndez M\u00e1rquez,<\/strong>&nbsp;por&nbsp;<strong>difundir propaganda gubernamental en veda electoral<\/strong>, y orden\u00f3 retirar de sus redes sociales las publicaciones relacionadas con la promoci\u00f3n de revocaci\u00f3n de mandato.<\/p>\n\n\n\n<p>Las medidas fueron<strong>\u00a0solicitadas por la ciudadana Mar\u00eda Guadalupe Espinosa Aguilar,<\/strong>\u00a0quien denunci\u00f3 que las publicaciones difunden logros, avances, acciones, \u00e9xitos y actividades gubernamentales de la dependencia federal, por lo que, desde una perspectiva preliminar,\u00a0<strong>se concluy\u00f3 que son propaganda gubernamental en periodo de veda electoral.<\/strong><br><\/p>\n\n\n\n<p>El INE&nbsp;<strong>orden\u00f3 a David M\u00e9ndez que de inmediato,&nbsp;<\/strong>en un plazo que no podr\u00e1 exceder de tres horas, contadas a partir de la legal notificaci\u00f3n del acuerdo,<strong>&nbsp;elimine las publicaciones denunciadas<\/strong>&nbsp;que se encuentran en su cuenta de Twitter y Facebook, as\u00ed como de cualquier otra plataforma electr\u00f3nica o impresa bajo su dominio o administraci\u00f3n.<\/p>\n\n\n\n<p>Por otra parte,<strong>&nbsp;el Consejo General neg\u00f3 las medidas cautelares<\/strong>&nbsp;solicitadas por dos ciudadanos en contra del presidente municipal de Puebl<strong>a, Eduardo Rivera P\u00e9rez<\/strong>, y el diputado local de Morena<strong>, Jos\u00e9 Iv\u00e1n Herrera Villag\u00f3mez,&nbsp;<\/strong>por la presunta difusi\u00f3n de propaganda gubernamental en periodo prohibido y uso indebido de recursos p\u00fablicos.<\/p>\n\n\n\n<p>As\u00ed lo determin\u00f3 durante la sesi\u00f3n extraordinaria de este viernes, donde<strong>&nbsp;se inform\u00f3 sobre dos denuncias presentadas por el ciudadano Isaac Vel\u00e1squez Rojas<\/strong>, en contra del alcalde panista por la supuesta difusi\u00f3n de propaganda gubernamental en periodo prohibido y promoci\u00f3n indebida, derivado de la publicaci\u00f3n de mensajes en Twitter y Facebook.<\/p>\n\n\n\n<p>En un an\u00e1lisis preliminar<strong>&nbsp;se estim\u00f3 que las publicaciones no pueden considerarse propaganda gubernamental<\/strong>, toda vez que son realizadas por distintos medios de comunicaci\u00f3n y se trata de notas period\u00edsticas efectuadas en el ejercicio de su derecho a publicar y difundir informaci\u00f3n respecto de la cobertura de eventos de la administraci\u00f3n municipal, por lo cual el INE declar\u00f3 improcedentes las medidas cautelares solicitadas.<\/p>\n\n\n\n<p>En el caso del diputado local Iv\u00e1n Herrera, a quien la ciudadana Mar\u00eda Guadalupe Espinoza Aguilar denunci\u00f3 por las mismas razones, el INE neg\u00f3 las medidas cautelares&nbsp;<strong>al se\u00f1alar que no pueden considerarse propaganda gubernamental&nbsp;<\/strong>las publicaciones en redes sociales, pues se trata de un ejercicio de su derecho a publicar y difundir informaci\u00f3n.<\/p>\n\n\n\n<p>En ambos casos&nbsp;<strong>se declar\u00f3 improcedente la adopci\u00f3n de medidas cautelares&nbsp;<\/strong>por el presunto uso indebido de recursos p\u00fablicos, pues eso lo deber\u00e1 analizar de fondo la Sala Regional Especializada del Tribunal Electoral del Poder Judicial de la Federaci\u00f3n (Tepjf).<\/p>\n","protected":false},"excerpt":{"rendered":"<p>El Consejo Local del INE en Puebla&nbsp;impuso medidas cautelares&nbsp;al titular de la Oficina de Representaci\u00f3n del Instituto Nacional de Migraci\u00f3n (INM),&nbsp;David M\u00e9ndez M\u00e1rquez,&nbsp;por&nbsp;difundir propaganda gubernamental en veda electoral, y orden\u00f3 retirar de sus redes sociales las publicaciones relacionadas con la promoci\u00f3n de revocaci\u00f3n de mandato. Las medidas fueron\u00a0solicitadas por la ciudadana Mar\u00eda Guadalupe Espinosa Aguilar,\u00a0quien [&hellip;]<\/p>\n","protected":false},"author":4,"featured_media":5247,"comment_status":"open","ping_status":"open","sticky":false,"template":"","format":"standard","meta":{"om_disable_all_campaigns":false,"_monsterinsights_skip_tracking":false,"_monsterinsights_sitenote_active":false,"_monsterinsights_sitenote_note":"","_monsterinsights_sitenote_category":0,"footnotes":""},"categories":[176],"tags":[195,223],"class_list":["post-5246","post","type-post","status-publish","format-standard","has-post-thumbnail","hentry","category-nacional","tag-principal","tag-puebla"],"amp_enabled":true,"_links":{"self":[{"href":"https:\/\/lahora.mx\/index.php\/wp-json\/wp\/v2\/posts\/5246","targetHints":{"allow":["GET"]}}],"collection":[{"href":"https:\/\/lahora.mx\/index.php\/wp-json\/wp\/v2\/posts"}],"about":[{"href":"https:\/\/lahora.mx\/index.php\/wp-json\/wp\/v2\/types\/post"}],"author":[{"embeddable":true,"href":"https:\/\/lahora.mx\/index.php\/wp-json\/wp\/v2\/users\/4"}],"replies":[{"embeddable":true,"href":"https:\/\/lahora.mx\/index.php\/wp-json\/wp\/v2\/comments?post=5246"}],"version-history":[{"count":1,"href":"https:\/\/lahora.mx\/index.php\/wp-json\/wp\/v2\/posts\/5246\/revisions"}],"predecessor-version":[{"id":5248,"href":"https:\/\/lahora.mx\/index.php\/wp-json\/wp\/v2\/posts\/5246\/revisions\/5248"}],"wp:featuredmedia":[{"embeddable":true,"href":"https:\/\/lahora.mx\/index.php\/wp-json\/wp\/v2\/media\/5247"}],"wp:attachment":[{"href":"https:\/\/lahora.mx\/index.php\/wp-json\/wp\/v2\/media?parent=5246"}],"wp:term":[{"taxonomy":"category","embeddable":true,"href":"https:\/\/lahora.mx\/index.php\/wp-json\/wp\/v2\/categories?post=5246"},{"taxonomy":"post_tag","embeddable":true,"href":"https:\/\/lahora.mx\/index.php\/wp-json\/wp\/v2\/tags?post=5246"}],"curies":[{"name":"wp","href":"https:\/\/api.w.org\/{rel}","templated":true}]}}