{"id":52439,"date":"2024-09-24T19:07:17","date_gmt":"2024-09-24T19:07:17","guid":{"rendered":"http:\/\/lahora.mx\/?p=52439"},"modified":"2024-09-24T19:07:17","modified_gmt":"2024-09-24T19:07:17","slug":"en-puebla-aun-falta-basificar-a-3-mil-600-medicos-menciona-gobernador","status":"publish","type":"post","link":"https:\/\/lahora.mx\/index.php\/2024\/09\/24\/en-puebla-aun-falta-basificar-a-3-mil-600-medicos-menciona-gobernador\/","title":{"rendered":"En Puebla, aun falta basificar a 3 mil 600 m\u00e9dicos menciona gobernador"},"content":{"rendered":"\n<p>En su participaci\u00f3n en la ma\u00f1anera de hoy del presidente Andr\u00e9s Manuel L\u00f3pez Obrador, el gobernador Sergio Salom\u00f3n C\u00e9spedes Peregrina se\u00f1al\u00f3 que en Puebla s\u00f3lo restan por basificar a 3 mil 600 m\u00e9dicos, lo que significa la mitad del total de los que se incluir\u00e1n en este programa, y agradeci\u00f3 al mandatario federal por su apoyo en salud para la entidad.<\/p>\n\n\n\n<p>En conferencia de prensa, el gobernador agradeci\u00f3 a la Federaci\u00f3n el apoyo en materia de salud que realiza en la entidad poblana y que se cristaliza en la implementaci\u00f3n del programa IMSS-Bienestar.<\/p>\n\n\n\n<p>Desde el Hospital para el Ni\u00f1o Poblano (HNP), C\u00e9spedes Peregrina afirm\u00f3 que este nosocomio ha sido uno de los que en la entidad comenz\u00f3 siendo para el apoyo de personas de bajos recursos, y con el apoyo federal esto seguir\u00e1 siendo posible.<\/p>\n\n\n\n<p>Record\u00f3 que hasta el momento se ha beneficiado a m\u00e1s de 4.4 millones de personas en la entidad poblana, con la incorporaci\u00f3n de 742 unidades m\u00e9dicas.<\/p>\n\n\n\n<p>Restan por basificar, 3 mil 600 m\u00e9dicos<br>Asimismo, asegur\u00f3 que cerca de 50 por ciento de los trabajadores basificados desde que Puebla se incluy\u00f3 en el programa, esto es, 3 mil 920 personas, ya est\u00e1n realizando sus actividades con normalidad.<\/p>\n\n\n\n<p>Sin embargo, reconoci\u00f3 que a\u00fan restan por basificar a 3 mil 600 m\u00e9dicos que ser\u00e1n parte del programa del IMSS-Bienestar, por lo que se espera que el pr\u00f3ximo a\u00f1o se concluya en su totalidad con este proceso.<\/p>\n\n\n\n<p>Por otro lado, el mandatario estatal reconoci\u00f3 el apoyo del presidente, puesto que en los \u00faltimos dos a\u00f1os se destinaron m\u00e1s de mil 200 millones de pesos para diversas obras de infraestructura en materia de salud, entre las que destacan, la unidad de Oftalmolog\u00eda en el Hospital de Cholula.<\/p>\n\n\n\n<p>\u00abSe\u00f1or presidente, a nombre de los poblanos estamos muy contentos de que se pueda dar una continuidad a los apoyos, ser\u00e1 para un mejor futuro, porque antes, los sexenios descuidaron mucho a la entidad\u00bb, indic\u00f3.<\/p>\n","protected":false},"excerpt":{"rendered":"<p>En su participaci\u00f3n en la ma\u00f1anera de hoy del presidente Andr\u00e9s Manuel L\u00f3pez Obrador, el gobernador Sergio Salom\u00f3n C\u00e9spedes Peregrina se\u00f1al\u00f3 que en Puebla s\u00f3lo restan por basificar a 3 mil 600 m\u00e9dicos, lo que significa la mitad del total de los que se incluir\u00e1n en este programa, y agradeci\u00f3 al mandatario federal por su [&hellip;]<\/p>\n","protected":false},"author":4,"featured_media":52440,"comment_status":"open","ping_status":"open","sticky":false,"template":"","format":"standard","meta":{"om_disable_all_campaigns":false,"_monsterinsights_skip_tracking":false,"_monsterinsights_sitenote_active":false,"_monsterinsights_sitenote_note":"","_monsterinsights_sitenote_category":0,"footnotes":""},"categories":[175],"tags":[239,195,223],"class_list":["post-52439","post","type-post","status-publish","format-standard","has-post-thumbnail","hentry","category-local","tag-gobierno","tag-principal","tag-puebla"],"amp_enabled":true,"_links":{"self":[{"href":"https:\/\/lahora.mx\/index.php\/wp-json\/wp\/v2\/posts\/52439","targetHints":{"allow":["GET"]}}],"collection":[{"href":"https:\/\/lahora.mx\/index.php\/wp-json\/wp\/v2\/posts"}],"about":[{"href":"https:\/\/lahora.mx\/index.php\/wp-json\/wp\/v2\/types\/post"}],"author":[{"embeddable":true,"href":"https:\/\/lahora.mx\/index.php\/wp-json\/wp\/v2\/users\/4"}],"replies":[{"embeddable":true,"href":"https:\/\/lahora.mx\/index.php\/wp-json\/wp\/v2\/comments?post=52439"}],"version-history":[{"count":1,"href":"https:\/\/lahora.mx\/index.php\/wp-json\/wp\/v2\/posts\/52439\/revisions"}],"predecessor-version":[{"id":52441,"href":"https:\/\/lahora.mx\/index.php\/wp-json\/wp\/v2\/posts\/52439\/revisions\/52441"}],"wp:featuredmedia":[{"embeddable":true,"href":"https:\/\/lahora.mx\/index.php\/wp-json\/wp\/v2\/media\/52440"}],"wp:attachment":[{"href":"https:\/\/lahora.mx\/index.php\/wp-json\/wp\/v2\/media?parent=52439"}],"wp:term":[{"taxonomy":"category","embeddable":true,"href":"https:\/\/lahora.mx\/index.php\/wp-json\/wp\/v2\/categories?post=52439"},{"taxonomy":"post_tag","embeddable":true,"href":"https:\/\/lahora.mx\/index.php\/wp-json\/wp\/v2\/tags?post=52439"}],"curies":[{"name":"wp","href":"https:\/\/api.w.org\/{rel}","templated":true}]}}