{"id":52391,"date":"2024-09-23T16:44:34","date_gmt":"2024-09-23T16:44:34","guid":{"rendered":"http:\/\/lahora.mx\/?p=52391"},"modified":"2024-09-23T16:44:34","modified_gmt":"2024-09-23T16:44:34","slug":"israel-lanza-ataques-aereos-en-el-libano","status":"publish","type":"post","link":"https:\/\/lahora.mx\/index.php\/2024\/09\/23\/israel-lanza-ataques-aereos-en-el-libano\/","title":{"rendered":"Israel lanza ataques a\u00e9reos en el L\u00edbano"},"content":{"rendered":"\n<p>Aviones de combate israel\u00edes llevaron a cabo m\u00e1s de 120 ataques a\u00e9reos la ma\u00f1ana de hoy contra enclaves de Hizbul\u00e1 y el sur y este del L\u00edbano, dijeron fuentes militares libanesas.<\/p>\n\n\n\n<p>Seg\u00fan las fuentes, que hablaron de forma an\u00f3nima, los aviones de combate israel\u00edes hab\u00edan ejecutado los ataques a\u00e9reos en aproximadamente media hora.<\/p>\n\n\n\n<p>Desde el jueves, el Ej\u00e9rcito israel\u00ed intensific\u00f3 sus ataques contra objetivos de Hizbul\u00e1, tras la oleada de explosiones en los dispositivos de comunicaciones del grupo en varias zonas del L\u00edbano<\/p>\n\n\n\n<p>Estos ataques sucedieron el martes y mi\u00e9rcoles pasados. Dejaron 37 muertos y casi 3 mil heridos, seg\u00fan el Ministerio de Sanidad liban\u00e9s.<\/p>\n\n\n\n<p>El Ej\u00e9rcito israel\u00ed y las fuerzas de Hizbul\u00e1 intercambiaron fuego a lo largo de la frontera Israel\u2014L\u00edbano desde el 8 de octubre de 2023, lo cual hace temer que estos enfrentamientos, que duran ya casi un a\u00f1o, degeneren en una guerra a gran escala.<\/p>\n\n\n\n<p>Israel pide a residentes en sur de L\u00edbano evacuar la zona<br>El portavoz militar de Israel, Daniel Hagari, pidi\u00f3 este mismo lunes a los residentes en el sur del L\u00edbano abandonar inmediatamente sus hogares en previsi\u00f3n de un ataque israel\u00ed a gran escala sobre la zona.<\/p>\n\n\n\n<p>Hagari advirti\u00f3 de que extensos ataques a\u00e9reos comenzar\u00edan en breve contra los activos de Hizbul\u00e1 ubicados en casas y otros edificios por buena parte del L\u00edbano.<\/p>\n\n\n\n<p>\u00abAconsejamos a los civiles de las aldeas libanesas situados en y cerca de los edificios y zonas utilizadas por Hizbul\u00e1 con fines militares, como los utilizados para almacenar armas, que se alejen del peligro inmediatamente por su propia seguridad\u00bb, declar\u00f3.<\/p>\n\n\n\n<p>Hagari a\u00f1adi\u00f3 que el Ej\u00e9rcito israel\u00ed hab\u00eda descubierto que Hizbul\u00e1 se preparaba para lanzar ataques contra Israel.<\/p>\n\n\n\n<p>A primera hora de este lunes, Israel lanz\u00f3 una nueva oleada de ataques a\u00e9reos contra el sur del L\u00edbano y el Valle de la Bekaa.<\/p>\n\n\n\n<p>El Ej\u00e9rcito israel\u00ed declar\u00f3 mediante un comunicado que sus aviones de combate \u201cest\u00e1n llevando a cabo amplios ataques en estos momentos contra objetivos terroristas pertenecientes a Hizbul\u00e1\u201d<\/p>\n","protected":false},"excerpt":{"rendered":"<p>Aviones de combate israel\u00edes llevaron a cabo m\u00e1s de 120 ataques a\u00e9reos la ma\u00f1ana de hoy contra enclaves de Hizbul\u00e1 y el sur y este del L\u00edbano, dijeron fuentes militares libanesas. Seg\u00fan las fuentes, que hablaron de forma an\u00f3nima, los aviones de combate israel\u00edes hab\u00edan ejecutado los ataques a\u00e9reos en aproximadamente media hora. Desde el [&hellip;]<\/p>\n","protected":false},"author":4,"featured_media":52392,"comment_status":"open","ping_status":"open","sticky":false,"template":"","format":"standard","meta":{"om_disable_all_campaigns":false,"_monsterinsights_skip_tracking":false,"_monsterinsights_sitenote_active":false,"_monsterinsights_sitenote_note":"","_monsterinsights_sitenote_category":0,"footnotes":""},"categories":[183],"tags":[195],"class_list":["post-52391","post","type-post","status-publish","format-standard","has-post-thumbnail","hentry","category-internacional","tag-principal"],"amp_enabled":true,"_links":{"self":[{"href":"https:\/\/lahora.mx\/index.php\/wp-json\/wp\/v2\/posts\/52391","targetHints":{"allow":["GET"]}}],"collection":[{"href":"https:\/\/lahora.mx\/index.php\/wp-json\/wp\/v2\/posts"}],"about":[{"href":"https:\/\/lahora.mx\/index.php\/wp-json\/wp\/v2\/types\/post"}],"author":[{"embeddable":true,"href":"https:\/\/lahora.mx\/index.php\/wp-json\/wp\/v2\/users\/4"}],"replies":[{"embeddable":true,"href":"https:\/\/lahora.mx\/index.php\/wp-json\/wp\/v2\/comments?post=52391"}],"version-history":[{"count":1,"href":"https:\/\/lahora.mx\/index.php\/wp-json\/wp\/v2\/posts\/52391\/revisions"}],"predecessor-version":[{"id":52393,"href":"https:\/\/lahora.mx\/index.php\/wp-json\/wp\/v2\/posts\/52391\/revisions\/52393"}],"wp:featuredmedia":[{"embeddable":true,"href":"https:\/\/lahora.mx\/index.php\/wp-json\/wp\/v2\/media\/52392"}],"wp:attachment":[{"href":"https:\/\/lahora.mx\/index.php\/wp-json\/wp\/v2\/media?parent=52391"}],"wp:term":[{"taxonomy":"category","embeddable":true,"href":"https:\/\/lahora.mx\/index.php\/wp-json\/wp\/v2\/categories?post=52391"},{"taxonomy":"post_tag","embeddable":true,"href":"https:\/\/lahora.mx\/index.php\/wp-json\/wp\/v2\/tags?post=52391"}],"curies":[{"name":"wp","href":"https:\/\/api.w.org\/{rel}","templated":true}]}}