{"id":52353,"date":"2024-09-23T01:52:56","date_gmt":"2024-09-23T01:52:56","guid":{"rendered":"http:\/\/lahora.mx\/?p=52353"},"modified":"2024-09-23T01:52:57","modified_gmt":"2024-09-23T01:52:57","slug":"13-regiones-del-estado-se-reunen-para-invitar-al-huey-atlixcayotl","status":"publish","type":"post","link":"https:\/\/lahora.mx\/index.php\/2024\/09\/23\/13-regiones-del-estado-se-reunen-para-invitar-al-huey-atlixcayotl\/","title":{"rendered":"13 regiones del estado se re\u00fanen para invitar al Huey Atlixc\u00e1yotl"},"content":{"rendered":"\n<p>M\u00e1s de 500 danzantes provenientes de las 13 regiones del estado de Puebla protagonizaron este domingo el tradicional convite del Huey Atlixc\u00e1yotl 2024. En el desfile participaron hombres, mujeres, ni\u00f1as y ni\u00f1os de los diferentes municipios, ataviados en trajes t\u00edpicos de su comunidad.<\/p>\n\n\n\n<p>El grupo -acompa\u00f1ado de autoridades municipales- recorri\u00f3 las principales calles de Atlixco para realizar la invitaci\u00f3n a la gran fiesta que celebra la identidad y las tradiciones de la regi\u00f3n: el Huey Atlixc\u00e1yotl que se llevar\u00e1 a cabo el pr\u00f3ximo 29 de septiembre en la Plazuela de la Danza, ubicada en el Cerro de San Miguel.<\/p>\n\n\n\n<p>Con coloridos trajes, m\u00fasica tradicional y energ\u00eda vibrante, los participantes visitaron diversos templos del centro hist\u00f3rico de Atlixco y realizaron ofrendas con el fin de anunciar la llegada de la Fiesta Grande de Atlixco.<\/p>\n\n\n\n<p>Danzantes de comunidades como Atlixco, Huaquechula, Santa Luc\u00eda Cosamaloapan, San Juan Tianguismanalco, San Juan Ocotepec y el Barrio del Alto de Puebla, expresaron la importancia de preservar las tradiciones e historia de sus lugares de origen.<\/p>\n\n\n\n<p>En entrevista con Alejandra Sevilla, originaria de San Juan Tianguismanalco y representante de la Cuadrilla Tarrasgota, mencion\u00f3 que el inter\u00e9s por participar en estos eventos es adquirido a trav\u00e9s de sus antepasados y se despierta hasta en los m\u00e1s peque\u00f1os del hogar.<\/p>\n","protected":false},"excerpt":{"rendered":"<p>M\u00e1s de 500 danzantes provenientes de las 13 regiones del estado de Puebla protagonizaron este domingo el tradicional convite del Huey Atlixc\u00e1yotl 2024. En el desfile participaron hombres, mujeres, ni\u00f1as y ni\u00f1os de los diferentes municipios, ataviados en trajes t\u00edpicos de su comunidad. El grupo -acompa\u00f1ado de autoridades municipales- recorri\u00f3 las principales calles de Atlixco [&hellip;]<\/p>\n","protected":false},"author":4,"featured_media":52354,"comment_status":"open","ping_status":"open","sticky":false,"template":"","format":"standard","meta":{"om_disable_all_campaigns":false,"_monsterinsights_skip_tracking":false,"_monsterinsights_sitenote_active":false,"_monsterinsights_sitenote_note":"","_monsterinsights_sitenote_category":0,"footnotes":""},"categories":[3,175],"tags":[223],"class_list":["post-52353","post","type-post","status-publish","format-standard","has-post-thumbnail","hentry","category-entretenimiento","category-local","tag-puebla"],"amp_enabled":true,"_links":{"self":[{"href":"https:\/\/lahora.mx\/index.php\/wp-json\/wp\/v2\/posts\/52353","targetHints":{"allow":["GET"]}}],"collection":[{"href":"https:\/\/lahora.mx\/index.php\/wp-json\/wp\/v2\/posts"}],"about":[{"href":"https:\/\/lahora.mx\/index.php\/wp-json\/wp\/v2\/types\/post"}],"author":[{"embeddable":true,"href":"https:\/\/lahora.mx\/index.php\/wp-json\/wp\/v2\/users\/4"}],"replies":[{"embeddable":true,"href":"https:\/\/lahora.mx\/index.php\/wp-json\/wp\/v2\/comments?post=52353"}],"version-history":[{"count":1,"href":"https:\/\/lahora.mx\/index.php\/wp-json\/wp\/v2\/posts\/52353\/revisions"}],"predecessor-version":[{"id":52355,"href":"https:\/\/lahora.mx\/index.php\/wp-json\/wp\/v2\/posts\/52353\/revisions\/52355"}],"wp:featuredmedia":[{"embeddable":true,"href":"https:\/\/lahora.mx\/index.php\/wp-json\/wp\/v2\/media\/52354"}],"wp:attachment":[{"href":"https:\/\/lahora.mx\/index.php\/wp-json\/wp\/v2\/media?parent=52353"}],"wp:term":[{"taxonomy":"category","embeddable":true,"href":"https:\/\/lahora.mx\/index.php\/wp-json\/wp\/v2\/categories?post=52353"},{"taxonomy":"post_tag","embeddable":true,"href":"https:\/\/lahora.mx\/index.php\/wp-json\/wp\/v2\/tags?post=52353"}],"curies":[{"name":"wp","href":"https:\/\/api.w.org\/{rel}","templated":true}]}}