{"id":52173,"date":"2024-09-19T00:18:26","date_gmt":"2024-09-19T00:18:26","guid":{"rendered":"http:\/\/lahora.mx\/?p=52173"},"modified":"2024-09-19T00:18:26","modified_gmt":"2024-09-19T00:18:26","slug":"encabeza-gaby-bonilla-capacitacion-a-proximos-titulares-de-los-dif-municipal","status":"publish","type":"post","link":"https:\/\/lahora.mx\/index.php\/2024\/09\/19\/encabeza-gaby-bonilla-capacitacion-a-proximos-titulares-de-los-dif-municipal\/","title":{"rendered":"Encabeza Gaby Bonilla capacitaci\u00f3n a pr\u00f3ximos titulares de los DIF Municipal"},"content":{"rendered":"\n<p>Para fortalecer las acciones que realizar\u00e1n las autoridades electas en los municipios, la presidenta del patronato del Sistema Estatal DIF, Gabriela Bonilla Parada, presidi\u00f3 la capacitaci\u00f3n otorgada por el organismo a los pr\u00f3ximos presidentes, presidentas y titulares de direcciones de los sistemas DIF.<\/p>\n\n\n\n<p>En el curso de capacitaci\u00f3n impartido en el Centro de Convenciones, los titulares de las diversas \u00e1reas del sistema municipal DIF ofrecieron informaci\u00f3n detallada sobre los programas sociales y acciones de equipamiento y reequipamiento de espacios destinados a la atenci\u00f3n de grupos vulnerables, a fin de que los pr\u00f3ximos responsables de DIF municipales los conozcan y sepan c\u00f3mo gestionarlos para beneficio de la poblaci\u00f3n.<br>Entre los programas que implementa el SEDIF y que fueron detallados a los asistentes enlist\u00f3 la entrega de aparatos ortop\u00e9dicos, el tr\u00e1mite de certificado y credencial para personas con discapacidad, los programas de despensa para grupos vulnerables y de desayunos escolares.<\/p>\n\n\n\n<p>Asimismo, el reequipamiento y equipamiento de Unidades B\u00e1sicas de Rehabilitaci\u00f3n (UBR) y Centros de Rehabilitaci\u00f3n Integral (CRI), Desayunadores Escolares, Estancias de D\u00eda y los Centros de Capacitaci\u00f3n y Desarrollo (CECADE), as\u00ed como el programa de apoyo productivo a la mujer poblana.<\/p>\n\n\n\n<p>El director del SEDIF, Jes\u00fas Alejandro Cort\u00e9s Carrasco, afirm\u00f3 que es en el nivel municipal en donde las autoridades reciben muchas de las solicitudes de apoyo de los grupos vulnerables, motivo por el que resulta indispensable el trabajo coordinado para dar atenci\u00f3n a sus demandas.<\/p>\n\n\n\n<p>\u201cEl trabajo coordinado va m\u00e1s all\u00e1 de la implementaci\u00f3n de programas, requiere un compromiso firme de ambas partes para poner a los ciudadanos en el centro de nuestras acciones\u201d, remarc\u00f3.<\/p>\n\n\n\n<p>\u27a1\ufe0f Suscr\u00edbete a nuestro Newsletter y recibe las notas m\u00e1s relevantes en tu correo<\/p>\n\n\n\n<p>Finalmente destac\u00f3 que las acciones del DIF deben procurar cinco objetivos principales, que son garantizar el bienestar de la ni\u00f1ez y la adolescencia, proveer apoyo a los adultos mayores, implementar programas que ayuden a mejorar la salud, promover valores y generar inercias a trav\u00e9s del fomento al autoempleo.<\/p>\n","protected":false},"excerpt":{"rendered":"<p>Para fortalecer las acciones que realizar\u00e1n las autoridades electas en los municipios, la presidenta del patronato del Sistema Estatal DIF, Gabriela Bonilla Parada, presidi\u00f3 la capacitaci\u00f3n otorgada por el organismo a los pr\u00f3ximos presidentes, presidentas y titulares de direcciones de los sistemas DIF. En el curso de capacitaci\u00f3n impartido en el Centro de Convenciones, los [&hellip;]<\/p>\n","protected":false},"author":4,"featured_media":52176,"comment_status":"open","ping_status":"open","sticky":false,"template":"","format":"standard","meta":{"om_disable_all_campaigns":false,"_monsterinsights_skip_tracking":false,"_monsterinsights_sitenote_active":false,"_monsterinsights_sitenote_note":"","_monsterinsights_sitenote_category":0,"footnotes":""},"categories":[5],"tags":[],"class_list":["post-52173","post","type-post","status-publish","format-standard","has-post-thumbnail","hentry","category-politica"],"amp_enabled":true,"_links":{"self":[{"href":"https:\/\/lahora.mx\/index.php\/wp-json\/wp\/v2\/posts\/52173","targetHints":{"allow":["GET"]}}],"collection":[{"href":"https:\/\/lahora.mx\/index.php\/wp-json\/wp\/v2\/posts"}],"about":[{"href":"https:\/\/lahora.mx\/index.php\/wp-json\/wp\/v2\/types\/post"}],"author":[{"embeddable":true,"href":"https:\/\/lahora.mx\/index.php\/wp-json\/wp\/v2\/users\/4"}],"replies":[{"embeddable":true,"href":"https:\/\/lahora.mx\/index.php\/wp-json\/wp\/v2\/comments?post=52173"}],"version-history":[{"count":1,"href":"https:\/\/lahora.mx\/index.php\/wp-json\/wp\/v2\/posts\/52173\/revisions"}],"predecessor-version":[{"id":52177,"href":"https:\/\/lahora.mx\/index.php\/wp-json\/wp\/v2\/posts\/52173\/revisions\/52177"}],"wp:featuredmedia":[{"embeddable":true,"href":"https:\/\/lahora.mx\/index.php\/wp-json\/wp\/v2\/media\/52176"}],"wp:attachment":[{"href":"https:\/\/lahora.mx\/index.php\/wp-json\/wp\/v2\/media?parent=52173"}],"wp:term":[{"taxonomy":"category","embeddable":true,"href":"https:\/\/lahora.mx\/index.php\/wp-json\/wp\/v2\/categories?post=52173"},{"taxonomy":"post_tag","embeddable":true,"href":"https:\/\/lahora.mx\/index.php\/wp-json\/wp\/v2\/tags?post=52173"}],"curies":[{"name":"wp","href":"https:\/\/api.w.org\/{rel}","templated":true}]}}