{"id":52171,"date":"2024-09-19T00:16:35","date_gmt":"2024-09-19T00:16:35","guid":{"rendered":"http:\/\/lahora.mx\/?p=52171"},"modified":"2024-09-19T00:18:39","modified_gmt":"2024-09-19T00:18:39","slug":"designa-pan-a-marcos-castro-como-su-coordinador-en-el-congreso-de-puebla","status":"publish","type":"post","link":"https:\/\/lahora.mx\/index.php\/2024\/09\/19\/designa-pan-a-marcos-castro-como-su-coordinador-en-el-congreso-de-puebla\/","title":{"rendered":"Marcos Castro es designado como su coordinador en el Congreso de Puebla"},"content":{"rendered":"\n<p>El Partido Acci\u00f3n Nacional (PAN) en la entidad poblana eligi\u00f3 a Marcos Castro Mart\u00ednez como su coordinador parlamentario para la LXII Legislatura del Congreso de Puebla.<\/p>\n\n\n\n<p>Con el respaldo de la presidenta del Comit\u00e9 Directivo Estatal (CDE) del instituto albiazul, Augusta D\u00edaz de Rivera, as\u00ed como los actuales diputados locales, se dio a conocer el nombramiento de Castro Mart\u00ednez como su representante en el Poder Legislativo.<\/p>\n\n\n\n<p>El tambi\u00e9n secretario general de la fuerza pol\u00edtica en la entidad estar\u00e1 acompa\u00f1ado de la diputada Celia Bonaga Ruiz, quien se fungir\u00e1 como vicecoordinadora.<br>Mediante un comunicado, se detall\u00f3 que los nombramientos quedaron registrados ayer en el acta constitutiva del grupo legislativo del albiazul del Congreso de Puebla.<\/p>\n\n\n\n<p>El resto de la bancada est\u00e1 conformada por Susana del Carmen Riestra Pi\u00f1a, Luana Armida Amador Vallejo y Rafael Alejandro Micalco M\u00e9ndez.<\/p>\n\n\n\n<p>Exige al TEEP resolver impugnaciones de San Pedro Cholula y Venustiano Carranza<br>En otro orden de ideas, el partido albiazul de nueva cuenta exigi\u00f3 al Tribunal Electoral del Estado de Puebla (TEEP) dar celeridad a las impugnaciones pendientes relacionadas con los triunfos en los municipios de San Pedro Cholula y Venustiano Carranza.<\/p>\n\n\n\n<p>A menos de un mes de que los alcaldes electos asuman sus cargos, Augusta D\u00edaz de Rivera se\u00f1al\u00f3 que siguen pendientes de los procesos legales relacionados con los triunfos obtenidos en el proceso electoral del 2 de junio.<\/p>\n\n\n\n<p>\u201cAunque la elecci\u00f3n se haya terminado queremos que las instancias ante las cuales est\u00e1n presentadas las quejas y las denuncias resuelvan a la brevedad, para que la ciudadan\u00eda sepa a que se enfrentaron los partidos\u201d, coment\u00f3.<\/p>\n\n\n\n<p>Hay que mencionar que el PAN impugn\u00f3 la decisi\u00f3n del Consejo General del Instituto Electoral del Estado (IEE) de negarse a declarar la validez de la elecci\u00f3n en Venustiano Carranza, donde los resultados preliminares dieron el triunfo a Marco Antonio Valencia \u00c1vila.<\/p>\n\n\n\n<p>Mientras que en San Pedro Cholula impugn\u00f3 la constancia de mayor\u00eda entregada a Tonantzin Fern\u00e1ndez D\u00edaz, como alcaldesa electa por Morena, en favor de Roxana Luna Portillo.<\/p>\n\n\n\n<p>Finalmente, hay que recordar que el tribunal local debe resolver los juicios antes del 15 de octubre, fecha en que los presidentes municipales electos asumen sus cargos.<\/p>\n","protected":false},"excerpt":{"rendered":"<p>El Partido Acci\u00f3n Nacional (PAN) en la entidad poblana eligi\u00f3 a Marcos Castro Mart\u00ednez como su coordinador parlamentario para la LXII Legislatura del Congreso de Puebla. Con el respaldo de la presidenta del Comit\u00e9 Directivo Estatal (CDE) del instituto albiazul, Augusta D\u00edaz de Rivera, as\u00ed como los actuales diputados locales, se dio a conocer el [&hellip;]<\/p>\n","protected":false},"author":4,"featured_media":52172,"comment_status":"open","ping_status":"open","sticky":false,"template":"","format":"standard","meta":{"om_disable_all_campaigns":false,"_monsterinsights_skip_tracking":false,"_monsterinsights_sitenote_active":false,"_monsterinsights_sitenote_note":"","_monsterinsights_sitenote_category":0,"footnotes":""},"categories":[5],"tags":[128],"class_list":["post-52171","post","type-post","status-publish","format-standard","has-post-thumbnail","hentry","category-politica","tag-politics"],"amp_enabled":true,"_links":{"self":[{"href":"https:\/\/lahora.mx\/index.php\/wp-json\/wp\/v2\/posts\/52171","targetHints":{"allow":["GET"]}}],"collection":[{"href":"https:\/\/lahora.mx\/index.php\/wp-json\/wp\/v2\/posts"}],"about":[{"href":"https:\/\/lahora.mx\/index.php\/wp-json\/wp\/v2\/types\/post"}],"author":[{"embeddable":true,"href":"https:\/\/lahora.mx\/index.php\/wp-json\/wp\/v2\/users\/4"}],"replies":[{"embeddable":true,"href":"https:\/\/lahora.mx\/index.php\/wp-json\/wp\/v2\/comments?post=52171"}],"version-history":[{"count":2,"href":"https:\/\/lahora.mx\/index.php\/wp-json\/wp\/v2\/posts\/52171\/revisions"}],"predecessor-version":[{"id":52175,"href":"https:\/\/lahora.mx\/index.php\/wp-json\/wp\/v2\/posts\/52171\/revisions\/52175"}],"wp:featuredmedia":[{"embeddable":true,"href":"https:\/\/lahora.mx\/index.php\/wp-json\/wp\/v2\/media\/52172"}],"wp:attachment":[{"href":"https:\/\/lahora.mx\/index.php\/wp-json\/wp\/v2\/media?parent=52171"}],"wp:term":[{"taxonomy":"category","embeddable":true,"href":"https:\/\/lahora.mx\/index.php\/wp-json\/wp\/v2\/categories?post=52171"},{"taxonomy":"post_tag","embeddable":true,"href":"https:\/\/lahora.mx\/index.php\/wp-json\/wp\/v2\/tags?post=52171"}],"curies":[{"name":"wp","href":"https:\/\/api.w.org\/{rel}","templated":true}]}}