{"id":52167,"date":"2024-09-19T00:14:39","date_gmt":"2024-09-19T00:14:39","guid":{"rendered":"http:\/\/lahora.mx\/?p=52167"},"modified":"2024-09-19T00:15:22","modified_gmt":"2024-09-19T00:15:22","slug":"caravana-migrante-pasa-por-puebla","status":"publish","type":"post","link":"https:\/\/lahora.mx\/index.php\/2024\/09\/19\/caravana-migrante-pasa-por-puebla\/","title":{"rendered":"Caravana migrante pasa por Puebla"},"content":{"rendered":"\n<p>Esta ma\u00f1ana la Caravana Migrante de Jes\u00fas retom\u00f3 su camino despu\u00e9s de pernoctar en el municipio Amozoc; su meta es clara: llegar a la frontera para cruzar hacia Estados Unidos. Hasta el momento no han definido si pisar\u00e1n la capital poblana.<\/p>\n\n\n\n<p>El Pastor de la Caravana de nombre Miguel agradeci\u00f3 a Joe Biden por su apoyo, en tanto, a los mexicanos les pidi\u00f3 comprensi\u00f3n y que les permitan el paso para cumplir el sue\u00f1o americano.<\/p>\n\n\n\n<p>En este sentido record\u00f3 que inici\u00f3 con una caravana de 7 mil migrantes, que parti\u00f3 el pasado mes de julio y actualmente se redujo a tan solo 400 integrantes originarios de Rep\u00fablica Dominicana, Colombia, Ecuador, Costa Rica Honduras, Salvador, entre otros.<\/p>\n\n\n\n<p>Afirma que la disminuci\u00f3n se debe a los riesgos que se encuentran en el camino, ya que no solo deben temer al personal de migraci\u00f3n, el cual en algunos pa\u00edses los ha deportado sino tambi\u00e9n a la delincuencia.<br>La gran mayor\u00eda de los que caminaron por la carretera Federal Puebla-Tehuac\u00e1n custodiados por elementos de la Polic\u00eda Estatal de Puebla y la Guardia Nacional, denunciaron haber sido v\u00edctimas de secuestro durante su paso por el estado de Veracruz, otros m\u00e1s de robo y al menos 6 fueron asesinados.<\/p>\n\n\n\n<p>Cada Migrante tiene una historia que contar<\/p>\n\n\n\n<p>Entre los integrantes de la Caravana De Jes\u00fas destaca M\u00f3nica, una mujer de ojos verdes, vista cansada, complexi\u00f3n delgada pero de gran fortaleza, quien a sus 55 a\u00f1os tom\u00f3 la decisi\u00f3n de salir de su natal Colombia harta de la violencia contra las mujeres.<\/p>\n\n\n\n<p>\u201cYo vengo de Colombia, vengo escapando de los homicidios que hay en mi pa\u00eds, no sabes todo lo que me ha tocado ver. A mis 55 a\u00f1os no tengo nada que perder, no dej\u00e9 hijos pero si a mi familia, los voy a extra\u00f1ar pero es mejor salir de la violencia\u201d, se\u00f1al\u00f3 M\u00f3nica con l\u00e1grimas en los ojos.<\/p>\n\n\n\n<p>De acuerdo a M\u00f3nica desde que era joven ten\u00eda la inquietud de salir de su comunidad pero el miedo la ataba a su hogar, hasta que la inseguridad y la violencia rebasaron sus temores y decidi\u00f3 que quer\u00eda un mayor bienestar para ella.<\/p>\n\n\n\n<p>\u201cUna siempre quiere mejor, se imagina cosas bonitas, hasta que empiezan a asesinar a tus amigos y familiares y dices aqu\u00ed ya no queda nada para m\u00ed\u201d, agreg\u00f3 decidida en cambiar su futuro.<\/p>\n\n\n\n<p>As\u00ed es como sola en su trayecto recorre las diferentes comunidades, su mayor deseo es no perder la vida hasta conocer el pa\u00eds vecino y enviarle a su familia dinero para que ellos puedan tener una vida mejor.<\/p>\n\n\n\n<p>Cabe destacar que en esta multitud tambi\u00e9n caminan ni\u00f1as y ni\u00f1os a los cuales algunas personas les regalan juguetes o dulces, tambi\u00e9n hay beb\u00e9s en carriola que sus padres decidieron llevar con ellos para tener un futuro mejor.<\/p>\n","protected":false},"excerpt":{"rendered":"<p>Esta ma\u00f1ana la Caravana Migrante de Jes\u00fas retom\u00f3 su camino despu\u00e9s de pernoctar en el municipio Amozoc; su meta es clara: llegar a la frontera para cruzar hacia Estados Unidos. Hasta el momento no han definido si pisar\u00e1n la capital poblana. El Pastor de la Caravana de nombre Miguel agradeci\u00f3 a Joe Biden por su [&hellip;]<\/p>\n","protected":false},"author":4,"featured_media":52168,"comment_status":"open","ping_status":"open","sticky":false,"template":"","format":"standard","meta":{"om_disable_all_campaigns":false,"_monsterinsights_skip_tracking":false,"_monsterinsights_sitenote_active":false,"_monsterinsights_sitenote_note":"","_monsterinsights_sitenote_category":0,"footnotes":""},"categories":[175],"tags":[],"class_list":["post-52167","post","type-post","status-publish","format-standard","has-post-thumbnail","hentry","category-local"],"amp_enabled":true,"_links":{"self":[{"href":"https:\/\/lahora.mx\/index.php\/wp-json\/wp\/v2\/posts\/52167","targetHints":{"allow":["GET"]}}],"collection":[{"href":"https:\/\/lahora.mx\/index.php\/wp-json\/wp\/v2\/posts"}],"about":[{"href":"https:\/\/lahora.mx\/index.php\/wp-json\/wp\/v2\/types\/post"}],"author":[{"embeddable":true,"href":"https:\/\/lahora.mx\/index.php\/wp-json\/wp\/v2\/users\/4"}],"replies":[{"embeddable":true,"href":"https:\/\/lahora.mx\/index.php\/wp-json\/wp\/v2\/comments?post=52167"}],"version-history":[{"count":1,"href":"https:\/\/lahora.mx\/index.php\/wp-json\/wp\/v2\/posts\/52167\/revisions"}],"predecessor-version":[{"id":52169,"href":"https:\/\/lahora.mx\/index.php\/wp-json\/wp\/v2\/posts\/52167\/revisions\/52169"}],"wp:featuredmedia":[{"embeddable":true,"href":"https:\/\/lahora.mx\/index.php\/wp-json\/wp\/v2\/media\/52168"}],"wp:attachment":[{"href":"https:\/\/lahora.mx\/index.php\/wp-json\/wp\/v2\/media?parent=52167"}],"wp:term":[{"taxonomy":"category","embeddable":true,"href":"https:\/\/lahora.mx\/index.php\/wp-json\/wp\/v2\/categories?post=52167"},{"taxonomy":"post_tag","embeddable":true,"href":"https:\/\/lahora.mx\/index.php\/wp-json\/wp\/v2\/tags?post=52167"}],"curies":[{"name":"wp","href":"https:\/\/api.w.org\/{rel}","templated":true}]}}