{"id":51756,"date":"2024-09-06T16:42:23","date_gmt":"2024-09-06T16:42:23","guid":{"rendered":"http:\/\/lahora.mx\/?p=51756"},"modified":"2024-09-06T16:42:24","modified_gmt":"2024-09-06T16:42:24","slug":"analiza-gobierno-estatal-construir-un-nuevo-relleno-sanitario-en-territorio-de-la-zona-centro-de-tlaxcala","status":"publish","type":"post","link":"https:\/\/lahora.mx\/index.php\/2024\/09\/06\/analiza-gobierno-estatal-construir-un-nuevo-relleno-sanitario-en-territorio-de-la-zona-centro-de-tlaxcala\/","title":{"rendered":"Analiza Gobierno estatal construir un nuevo relleno sanitario en territorio de la zona centro de Tlaxcala"},"content":{"rendered":"\n<p>En territorio de la zona centro de Tlaxcala, el gobierno de la entidad estudia ubicar el nuevo sitio de disposici\u00f3n final de residuos s\u00f3lidos, un relleno sanitario tradicional que sustituir\u00eda a los cuatro existentes en los que actualmente llegan cientos de toneladas de basura que genera la poblaci\u00f3n.<\/p>\n\n\n\n<p>El titular de la Secretar\u00eda de Medio Ambiente (SMA), Pedro Aquino Alvarado, explic\u00f3 que analizan las zonas adecuadas para la ubicaci\u00f3n del nuevo espacio, a fin de que cumpla con la distancia m\u00ednima, pero que posiblemente ampliar\u00e1n puesto que alrededor de un sitio de disposici\u00f3n final se genera econom\u00eda de la gente que se dedica al acopio y comercializaci\u00f3n de los residuos valorizables, por ejemplo.<\/p>\n\n\n\n<p>La norma, aunque garantiza un m\u00ednimo de no contaminaci\u00f3n, normalmente se atrae y por eso consideramos un espaciamiento mayor en el que exista conectividad y vialidad para no generar m\u00e1s afectaciones a los municipios, considerando instalaciones de manejo integral que pudieran trabajar para una log\u00edstica que no encarezca el transporte para los municipios y ni la operaci\u00f3n.<\/p>\n\n\n\n<p>Por otro lado, el titular de la SMA indic\u00f3 que aunque es un reto remediar acciones inadecuadas en el manejo de la basura ejecutadas por pasadas administraciones, el gobierno estatal trabaja para solucionar las condiciones de los sitios de disposici\u00f3n que, a su decir, m\u00e1s que rellenos sanitarios son tiraderos a cielo abierto.<\/p>\n\n\n\n<p>Es una responsabilidad y un reto que estamos generando, de una administraci\u00f3n que en alg\u00fan momento no fue la adecuada y que de 2004 a la fecha ya est\u00e1 fuera de la norma. Tiene al menos 20 a\u00f1os que los rellenos sanitarios se han operado de otra manera y es un problema que existe a nivel nacional, que ning\u00fan estado ha solucionado y seremos el primero en hacerlo,<br>indic\u00f3.<\/p>\n\n\n\n<p>Detall\u00f3 que una de las estrategias que tiene un avance significativo es la inversi\u00f3n hecha para la generaci\u00f3n de los estudios t\u00e9cnicos y programas que marca la norma mexicana NOM\/083-Semarnat-2003, que actualmente est\u00e1n en an\u00e1lisis ante la Secretar\u00eda de Medio Ambiente y Recursos Naturales y la Procuradur\u00eda Federal de Protecci\u00f3n al Ambiente, ambas del Gobierno de la Rep\u00fablica.<\/p>\n\n\n\n<p>El secretario explic\u00f3 que dichos documentos ya hab\u00edan sido entregados con anterioridad, pero que hicieron ajustes se\u00f1alados por las instancias federales, por lo que en breve har\u00e1n una segunda entrega que marque la ruta que deber\u00e1n seguir, entre otras cosas, para concretar el cierre definitivo de los rellenos sanitarios ubicados en la zona Nanacamilpa-Calpulalpan, Huamantla, ejido Morelos de Apizaco y Techachalco, Panotla.<\/p>\n\n\n\n<p>Es un compromiso en dos sentidos: el primero es atender los sitios actuales, pero tenemos que garantizar la continuidad del servicio de disposici\u00f3n final de basura, por eso debemos garantizar un nuevo modelo para la gesti\u00f3n integral de los residuos del estado, que considere tanto las tecnolog\u00edas b\u00e1sicas y tradicionales que existen en todo el mundo y que se incorporen otras en el marco de la econom\u00eda circular,<br>a\u00f1adi\u00f3.<\/p>\n\n\n\n<p>Agreg\u00f3 que los estudios con los que cuenta el Gobierno del Estado consideran cuestiones previas o tendientes hacia la clausura de los rellenos sanitarios, de ah\u00ed que al momento no existe alguno que establezca un da\u00f1o ambiental o evidencia de la magnitud o el tipo de contaminaci\u00f3n que han generado.<\/p>\n","protected":false},"excerpt":{"rendered":"<p>En territorio de la zona centro de Tlaxcala, el gobierno de la entidad estudia ubicar el nuevo sitio de disposici\u00f3n final de residuos s\u00f3lidos, un relleno sanitario tradicional que sustituir\u00eda a los cuatro existentes en los que actualmente llegan cientos de toneladas de basura que genera la poblaci\u00f3n. El titular de la Secretar\u00eda de Medio [&hellip;]<\/p>\n","protected":false},"author":4,"featured_media":51757,"comment_status":"open","ping_status":"open","sticky":false,"template":"","format":"standard","meta":{"om_disable_all_campaigns":false,"_monsterinsights_skip_tracking":false,"_monsterinsights_sitenote_active":false,"_monsterinsights_sitenote_note":"","_monsterinsights_sitenote_category":0,"footnotes":""},"categories":[175,176],"tags":[223,210],"class_list":["post-51756","post","type-post","status-publish","format-standard","has-post-thumbnail","hentry","category-local","category-nacional","tag-puebla","tag-tlaxcala"],"amp_enabled":true,"_links":{"self":[{"href":"https:\/\/lahora.mx\/index.php\/wp-json\/wp\/v2\/posts\/51756","targetHints":{"allow":["GET"]}}],"collection":[{"href":"https:\/\/lahora.mx\/index.php\/wp-json\/wp\/v2\/posts"}],"about":[{"href":"https:\/\/lahora.mx\/index.php\/wp-json\/wp\/v2\/types\/post"}],"author":[{"embeddable":true,"href":"https:\/\/lahora.mx\/index.php\/wp-json\/wp\/v2\/users\/4"}],"replies":[{"embeddable":true,"href":"https:\/\/lahora.mx\/index.php\/wp-json\/wp\/v2\/comments?post=51756"}],"version-history":[{"count":1,"href":"https:\/\/lahora.mx\/index.php\/wp-json\/wp\/v2\/posts\/51756\/revisions"}],"predecessor-version":[{"id":51758,"href":"https:\/\/lahora.mx\/index.php\/wp-json\/wp\/v2\/posts\/51756\/revisions\/51758"}],"wp:featuredmedia":[{"embeddable":true,"href":"https:\/\/lahora.mx\/index.php\/wp-json\/wp\/v2\/media\/51757"}],"wp:attachment":[{"href":"https:\/\/lahora.mx\/index.php\/wp-json\/wp\/v2\/media?parent=51756"}],"wp:term":[{"taxonomy":"category","embeddable":true,"href":"https:\/\/lahora.mx\/index.php\/wp-json\/wp\/v2\/categories?post=51756"},{"taxonomy":"post_tag","embeddable":true,"href":"https:\/\/lahora.mx\/index.php\/wp-json\/wp\/v2\/tags?post=51756"}],"curies":[{"name":"wp","href":"https:\/\/api.w.org\/{rel}","templated":true}]}}