{"id":51665,"date":"2024-09-04T16:09:37","date_gmt":"2024-09-04T16:09:37","guid":{"rendered":"http:\/\/lahora.mx\/?p=51665"},"modified":"2024-09-04T16:09:38","modified_gmt":"2024-09-04T16:09:38","slug":"dimite-el-ministro-de-asuntos-exteriores-de-ucrania-dmytro-kuleba","status":"publish","type":"post","link":"https:\/\/lahora.mx\/index.php\/2024\/09\/04\/dimite-el-ministro-de-asuntos-exteriores-de-ucrania-dmytro-kuleba\/","title":{"rendered":"Dimite el ministro de asuntos exteriores de Ucrania, Dmytro Kuleba"},"content":{"rendered":"\n<p>Dmytro Kuleba, ministro de asuntos exteriores de Ucrania, present\u00f3 hoy una carta de dimisi\u00f3n al Parlamento, inform\u00f3 en Facebook el presidente de dicha instituci\u00f3n.<\/p>\n\n\n\n<p>Ruslan Stefanchuk. Stefanchuk, el titular del organismo referido, dijo que el congreso ucraniano considerar\u00e1 la solicitud de Kuleba en una de sus pr\u00f3ximas sesiones plenarias.<\/p>\n\n\n\n<p>Kuleba, de 43 a\u00f1os, fue nombrado ministro de Asuntos Exteriores de Ucrania en marzo de 2020, dos a\u00f1os antes de comenzar la guerra entre el pa\u00eds y la naci\u00f3n vecina, Rusia.<\/p>\n\n\n\n<p>El martes, David Arakhamia, l\u00edder de la facci\u00f3n parlamentaria del Partido de los Servidores del Pueblo, public\u00f3 en Telegram que m\u00e1s de la mitad del Gabinete de Gobierno Ser\u00e1 remodelado pronto.<\/p>\n","protected":false},"excerpt":{"rendered":"<p>Dmytro Kuleba, ministro de asuntos exteriores de Ucrania, present\u00f3 hoy una carta de dimisi\u00f3n al Parlamento, inform\u00f3 en Facebook el presidente de dicha instituci\u00f3n. Ruslan Stefanchuk. Stefanchuk, el titular del organismo referido, dijo que el congreso ucraniano considerar\u00e1 la solicitud de Kuleba en una de sus pr\u00f3ximas sesiones plenarias. Kuleba, de 43 a\u00f1os, fue nombrado [&hellip;]<\/p>\n","protected":false},"author":4,"featured_media":51666,"comment_status":"open","ping_status":"open","sticky":false,"template":"","format":"standard","meta":{"om_disable_all_campaigns":false,"_monsterinsights_skip_tracking":false,"_monsterinsights_sitenote_active":false,"_monsterinsights_sitenote_note":"","_monsterinsights_sitenote_category":0,"footnotes":""},"categories":[183],"tags":[223],"class_list":["post-51665","post","type-post","status-publish","format-standard","has-post-thumbnail","hentry","category-internacional","tag-puebla"],"amp_enabled":true,"_links":{"self":[{"href":"https:\/\/lahora.mx\/index.php\/wp-json\/wp\/v2\/posts\/51665","targetHints":{"allow":["GET"]}}],"collection":[{"href":"https:\/\/lahora.mx\/index.php\/wp-json\/wp\/v2\/posts"}],"about":[{"href":"https:\/\/lahora.mx\/index.php\/wp-json\/wp\/v2\/types\/post"}],"author":[{"embeddable":true,"href":"https:\/\/lahora.mx\/index.php\/wp-json\/wp\/v2\/users\/4"}],"replies":[{"embeddable":true,"href":"https:\/\/lahora.mx\/index.php\/wp-json\/wp\/v2\/comments?post=51665"}],"version-history":[{"count":1,"href":"https:\/\/lahora.mx\/index.php\/wp-json\/wp\/v2\/posts\/51665\/revisions"}],"predecessor-version":[{"id":51667,"href":"https:\/\/lahora.mx\/index.php\/wp-json\/wp\/v2\/posts\/51665\/revisions\/51667"}],"wp:featuredmedia":[{"embeddable":true,"href":"https:\/\/lahora.mx\/index.php\/wp-json\/wp\/v2\/media\/51666"}],"wp:attachment":[{"href":"https:\/\/lahora.mx\/index.php\/wp-json\/wp\/v2\/media?parent=51665"}],"wp:term":[{"taxonomy":"category","embeddable":true,"href":"https:\/\/lahora.mx\/index.php\/wp-json\/wp\/v2\/categories?post=51665"},{"taxonomy":"post_tag","embeddable":true,"href":"https:\/\/lahora.mx\/index.php\/wp-json\/wp\/v2\/tags?post=51665"}],"curies":[{"name":"wp","href":"https:\/\/api.w.org\/{rel}","templated":true}]}}