{"id":51608,"date":"2024-09-03T16:48:43","date_gmt":"2024-09-03T16:48:43","guid":{"rendered":"http:\/\/lahora.mx\/?p=51608"},"modified":"2024-09-03T16:48:44","modified_gmt":"2024-09-03T16:48:44","slug":"a-tres-anos-de-gobierno-la-gobernadora-lorena-cuellar-cisneros-ajusta-su-gabinete-con-13-nuevos-nombramientos","status":"publish","type":"post","link":"https:\/\/lahora.mx\/index.php\/2024\/09\/03\/a-tres-anos-de-gobierno-la-gobernadora-lorena-cuellar-cisneros-ajusta-su-gabinete-con-13-nuevos-nombramientos\/","title":{"rendered":"A tres a\u00f1os de gobierno, la gobernadora Lorena Cu\u00e9llar Cisneros ajusta su gabinete con 13 nuevos nombramientos"},"content":{"rendered":"\n<p>Al cumplir tres a\u00f1os de administraci\u00f3n, la gobernadora Lorena Cu\u00e9llar Cisneros hizo un notorio ajuste en la integraci\u00f3n de su gabinete legal y ampliado y con 13 nuevas designaciones arranca la segunda parte de su mandato 2021-2027.<\/p>\n\n\n\n<p>En el Teatro Xicoht\u00e9ncatl, la mandataria anunci\u00f3 a los nuevos integrantes de su equipo, entre los que destacan Turismo, Cultura y Comunicaci\u00f3n, as\u00ed como la incorporaci\u00f3n de cuatro exdiputados locales, tres de ellos que contendieron en el pasado proceso electoral pero no resultaron favorecidos con el voto.<\/p>\n\n\n\n<p>La intenci\u00f3n es fortalecer las acciones para la transformaci\u00f3n y la nueva historia de Tlaxcala,<br>destac\u00f3 la mandataria tlaxcalteca, quien aprovech\u00f3 el momento para despedir a dos de sus excolaboradores, Josefina Rodr\u00edguez Zamora y Antonio Mart\u00ednez Vel\u00e1zquez, quienes se incorporar\u00e1n al pr\u00f3ximo gobierno federal que a partir del 1 de octubre encabezar\u00e1 la actual presidenta electa, Claudia Sheinbaum Pardo.<\/p>\n\n\n\n<p>El acto tambi\u00e9n sirvi\u00f3 para ratificar a encargados de despacho y presentar a los nuevos diputados locales y presidentes municipales a los servidores p\u00fablicos que colaboran en cada una de las dependencias.<br>Al frente de la Secretar\u00eda de Turismo del Estado estar\u00e1 Fabricio Mena Rodr\u00edguez, exdiputado local emanado de las filas del Partido Revolucionario Institucional (PRI), debido a que la instituci\u00f3n qued\u00f3 ac\u00e9fala con la salida de Josefina Rodr\u00edguez Zamora, quien el pr\u00f3ximo uno de octubre asume las riendas de la Secretar\u00eda de Turismo federal.<\/p>\n\n\n\n<p>La Secretar\u00eda de Cultura del Estado ser\u00e1 encabezada por Karen \u00c1lvarez Villeda, extitular de la Coordinaci\u00f3n Nacional de Literatura del Instituto Nacional de Bellas Artes y Literatura de la Secretar\u00eda de Cultura del Gobierno de M\u00e9xico. La dependencia qued\u00f3 sin titular puesto que Antonio Mart\u00ednez Vel\u00e1zquez fue llamado a ser parte de la administraci\u00f3n de la presidenta electa de M\u00e9xico, Claudia Sheinbaum Pardo.<br>Un cambio m\u00e1s es en la Coordinaci\u00f3n de Comunicaci\u00f3n, pues Augusto Ram\u00edrez Rodr\u00edguez fue sustituido a menos de un a\u00f1o de haber asumido el encargo y en ese lugar lleg\u00f3 Octavio Ortega Velio, periodista originario de Ciudad de M\u00e9xico con una trayectoria de m\u00e1s de 20 a\u00f1os.<\/p>\n\n\n\n<p>Exactamente a la mitad de su administraci\u00f3n, la mandataria estatal oficializ\u00f3 la designaci\u00f3n de Pedro Aquino Alvarado como secretario de Medio Ambiente, quien asumi\u00f3 ese cargo como encargado del despacho en noviembre del a\u00f1o pasado.<\/p>\n\n\n\n<p>La gobernadora tambi\u00e9n anunci\u00f3 la llegada del exl\u00edder del PRI y quien fue secretario de Comunicaciones y Transportes en la administraci\u00f3n del exgobernador, Marco Antonio Mena Rodr\u00edguez, No\u00e9 Rodr\u00edguez Rold\u00e1n, a la Coordinaci\u00f3n de Planeaci\u00f3n e Inversi\u00f3n, en sustituci\u00f3n de Gimena Lara P\u00e9rez.<br>Otro de los movimientos fue en la Comisi\u00f3n Estatal de Atenci\u00f3n a V\u00edctimas de Tlaxcala, donde fue designada Azalia Cort\u00e9s Garc\u00eda, quien se desempe\u00f1\u00f3 como responsable del departamento jur\u00eddico del Centro de Rehabilitaci\u00f3n Social de Tlaxcala; a la Consejer\u00eda Jur\u00eddica del Poder Ejecutivo arrib\u00f3 el exdiputado local Rub\u00e9n Ter\u00e1n \u00c1guila; al Instituto Tlaxcalteca de Infraestructura F\u00edsica Educativa, Humberto Benito Cano Coyotl; y a la Universidad Tecnol\u00f3gica de Tlaxcala el exlegislador, Lenin Calva P\u00e9rez.<\/p>\n\n\n\n<p>Cu\u00e9llar Cisneros tambi\u00e9n comunic\u00f3 que al frente del Archivo Hist\u00f3rico del Estado de Tlaxcala fue nombrada Mayra V\u00e1zquez Vel\u00e1zquez, tambi\u00e9n exdiputada local que ya desempe\u00f1aba el cargo como encargada de Despacho; en Casa Tlaxcala estar\u00e1 Steve del Razo Montiel, exdiputado federal suplente que asumi\u00f3 al cargo ante la licencia de Carlos Augusto P\u00e9rez Hern\u00e1ndez; en la Direcci\u00f3n de Atenci\u00f3n a Migrantes nombr\u00f3 a la exdiputada local, M\u00f3nica S\u00e1nchez Angulo, y el l\u00edder del partido Fuerza por M\u00e9xico, Luis Vargas Gonz\u00e1lez, estar\u00e1 en la Direcci\u00f3n de Gobernaci\u00f3n de la Segob.<\/p>\n","protected":false},"excerpt":{"rendered":"<p>Al cumplir tres a\u00f1os de administraci\u00f3n, la gobernadora Lorena Cu\u00e9llar Cisneros hizo un notorio ajuste en la integraci\u00f3n de su gabinete legal y ampliado y con 13 nuevas designaciones arranca la segunda parte de su mandato 2021-2027. En el Teatro Xicoht\u00e9ncatl, la mandataria anunci\u00f3 a los nuevos integrantes de su equipo, entre los que destacan [&hellip;]<\/p>\n","protected":false},"author":4,"featured_media":51609,"comment_status":"open","ping_status":"open","sticky":false,"template":"","format":"standard","meta":{"om_disable_all_campaigns":false,"_monsterinsights_skip_tracking":false,"_monsterinsights_sitenote_active":false,"_monsterinsights_sitenote_note":"","_monsterinsights_sitenote_category":0,"footnotes":""},"categories":[175],"tags":[223,210],"class_list":["post-51608","post","type-post","status-publish","format-standard","has-post-thumbnail","hentry","category-local","tag-puebla","tag-tlaxcala"],"amp_enabled":true,"_links":{"self":[{"href":"https:\/\/lahora.mx\/index.php\/wp-json\/wp\/v2\/posts\/51608","targetHints":{"allow":["GET"]}}],"collection":[{"href":"https:\/\/lahora.mx\/index.php\/wp-json\/wp\/v2\/posts"}],"about":[{"href":"https:\/\/lahora.mx\/index.php\/wp-json\/wp\/v2\/types\/post"}],"author":[{"embeddable":true,"href":"https:\/\/lahora.mx\/index.php\/wp-json\/wp\/v2\/users\/4"}],"replies":[{"embeddable":true,"href":"https:\/\/lahora.mx\/index.php\/wp-json\/wp\/v2\/comments?post=51608"}],"version-history":[{"count":1,"href":"https:\/\/lahora.mx\/index.php\/wp-json\/wp\/v2\/posts\/51608\/revisions"}],"predecessor-version":[{"id":51610,"href":"https:\/\/lahora.mx\/index.php\/wp-json\/wp\/v2\/posts\/51608\/revisions\/51610"}],"wp:featuredmedia":[{"embeddable":true,"href":"https:\/\/lahora.mx\/index.php\/wp-json\/wp\/v2\/media\/51609"}],"wp:attachment":[{"href":"https:\/\/lahora.mx\/index.php\/wp-json\/wp\/v2\/media?parent=51608"}],"wp:term":[{"taxonomy":"category","embeddable":true,"href":"https:\/\/lahora.mx\/index.php\/wp-json\/wp\/v2\/categories?post=51608"},{"taxonomy":"post_tag","embeddable":true,"href":"https:\/\/lahora.mx\/index.php\/wp-json\/wp\/v2\/tags?post=51608"}],"curies":[{"name":"wp","href":"https:\/\/api.w.org\/{rel}","templated":true}]}}