{"id":51605,"date":"2024-09-03T16:41:57","date_gmt":"2024-09-03T16:41:57","guid":{"rendered":"http:\/\/lahora.mx\/?p=51605"},"modified":"2024-09-03T16:44:00","modified_gmt":"2024-09-03T16:44:00","slug":"pan-impugnara-ante-el-tepjf-reparto-de-plurinominales-en-puebla","status":"publish","type":"post","link":"https:\/\/lahora.mx\/index.php\/2024\/09\/03\/pan-impugnara-ante-el-tepjf-reparto-de-plurinominales-en-puebla\/","title":{"rendered":"PAN impugnar\u00e1 ante el TEPJF reparto de plurinominales en Puebla"},"content":{"rendered":"\n<p>La repartici\u00f3n de las diputaciones plurinominales por parte del Tribunal Electoral del Estado de Puebla (TEEP) dej\u00f3 ver que el poder en los pr\u00f3ximos a\u00f1os ser\u00e1 antidemocr\u00e1tico, por lo que el PAN buscar\u00e1 impugnar ante la Sala Regional del Tribunal Electoral del Poder Judicial de la Federaci\u00f3n (TEPJF), inform\u00f3 la dirigente estatal del blanquiazul, Augusta D\u00edaz de Rivera.<\/p>\n\n\n\n<p>En rueda de prensa, D\u00edaz de Rivera Hern\u00e1ndez explic\u00f3 que, de acuerdo con los c\u00e1lculos de los resultados electorales, el PAN debi\u00f3 haber ganado un lugar, al igual que los otros partidos dentro del Congreso de Puebla.<\/p>\n\n\n\n<p>Sin embargo, el partido en el poder que es Morena, logr\u00f3 obtener tres lugares m\u00e1s sin alg\u00fan tipo de explicaci\u00f3n, lo cual es un hecho lamentable, refiri\u00f3.<\/p>\n\n\n\n<p>Por ello, D\u00edaz de Rivera Hern\u00e1ndez anunci\u00f3 que a m\u00e1s tardar ma\u00f1ana van a impugnar la decisi\u00f3n del TEEP, ya que Morena con los tres diputados m\u00e1s obtendr\u00e1 una sobrerrepresentaci\u00f3n de 33 diputados, ya que tambi\u00e9n sus aliados salen beneficiados.<\/p>\n\n\n\n<p>\u201cEfectivamente, a m\u00e1s tardar ma\u00f1ana tenemos que llevar el tema a la Sala Regional, porque lo que se decidi\u00f3 fue en el Tribunal Electoral y queremos llegar a la siguiente instancia porque no solamente no nos dieron seg\u00fan los c\u00e1lculos y las f\u00f3rmulas que la misma ley dicta nos tocaba un diputado m\u00e1s y lejos de d\u00e1rnoslo nos quitan uno no solamente a nosotros, incluso a los otros partidos, entonces eso es una mala se\u00f1al por parte del grupo del poder porque dibuja de manera clara cu\u00e1l ser\u00e1 el proceder antidemocr\u00e1tico que tendr\u00e1 el poder\u201d, sentenci\u00f3.<\/p>\n\n\n\n<p>El s\u00e1bado, el TEEP resolvi\u00f3 que el grupo parlamentario de Morena logr\u00f3 sumar siete lugares de representaci\u00f3n plurinomal, los cuales se sumaron a las 12 representaciones que lograron v\u00eda votaci\u00f3n.<\/p>\n\n\n\n<p>Con esto Morena llegar\u00e1 a 19 curules, aunque se espera que uno de ellos pase a formar parte de la bancada del Partido Verde Ecologista, el cual fue su aliado en el proceso electoral.<\/p>\n\n\n\n<p>Siguen en proceso impugnaciones por inyecci\u00f3n de votos a FXM<br>En otro tema, Augusta D\u00edaz de Rivera inform\u00f3 que siguen en proceso las impugnaciones de la inyecci\u00f3n de votos de Morena hacia Fuerza Por M\u00e9xico a fin de que este partido conservara su registro, adem\u00e1s de que est\u00e1 en pie la solicitud de despido de los consejeros del Instituto Electoral del Estado (IEE) de Puebla ante el Instituto Nacional Electoral (INE).<\/p>\n\n\n\n<p>La rueda de prensa que se desarroll\u00f3 este martes se trat\u00f3 de informar cu\u00e1les fueron los motivos de la derrota del PAN en el proceso electoral, mismas que evidenciaron que hubo la falta de unidad, liderazgos y suma de la militancia para elegir a los candidatos.<\/p>\n\n\n\n<p>Incluso, la dirigente estatal reiter\u00f3 que el PRI y la elecci\u00f3n de X\u00f3chitl G\u00e1lvez como la candidata fueron temas que les causaron la derrota, pues sus simpatizantes no se sent\u00edan representados.<\/p>\n\n\n\n<p>Por ello, asegur\u00f3 que los resultados ser\u00e1n entregados a la pr\u00f3xima dirigencia a fin de que sean ellos quienes definan futuras alianzas y elecci\u00f3n de candidatos.<\/p>\n\n\n\n<p>\u201cDebe haber nuevos liderazgos, la organizaci\u00f3n debe evolucionar en tres etapas, detener el crecimiento de negativos. administrar los da\u00f1os y recuperar el atractivo y crecimiento del partido y la visi\u00f3n del PAN, somos la \u00fanica oposici\u00f3n verdadera en este pa\u00eds y debemos asumir esa responsabilidad como nuestro mayor desaf\u00edo\u201d, puntualiz\u00f3.<\/p>\n","protected":false},"excerpt":{"rendered":"<p>La repartici\u00f3n de las diputaciones plurinominales por parte del Tribunal Electoral del Estado de Puebla (TEEP) dej\u00f3 ver que el poder en los pr\u00f3ximos a\u00f1os ser\u00e1 antidemocr\u00e1tico, por lo que el PAN buscar\u00e1 impugnar ante la Sala Regional del Tribunal Electoral del Poder Judicial de la Federaci\u00f3n (TEPJF), inform\u00f3 la dirigente estatal del blanquiazul, Augusta [&hellip;]<\/p>\n","protected":false},"author":4,"featured_media":51606,"comment_status":"open","ping_status":"open","sticky":false,"template":"","format":"standard","meta":{"om_disable_all_campaigns":false,"_monsterinsights_skip_tracking":false,"_monsterinsights_sitenote_active":false,"_monsterinsights_sitenote_note":"","_monsterinsights_sitenote_category":0,"footnotes":""},"categories":[175],"tags":[223],"class_list":["post-51605","post","type-post","status-publish","format-standard","has-post-thumbnail","hentry","category-local","tag-puebla"],"amp_enabled":true,"_links":{"self":[{"href":"https:\/\/lahora.mx\/index.php\/wp-json\/wp\/v2\/posts\/51605","targetHints":{"allow":["GET"]}}],"collection":[{"href":"https:\/\/lahora.mx\/index.php\/wp-json\/wp\/v2\/posts"}],"about":[{"href":"https:\/\/lahora.mx\/index.php\/wp-json\/wp\/v2\/types\/post"}],"author":[{"embeddable":true,"href":"https:\/\/lahora.mx\/index.php\/wp-json\/wp\/v2\/users\/4"}],"replies":[{"embeddable":true,"href":"https:\/\/lahora.mx\/index.php\/wp-json\/wp\/v2\/comments?post=51605"}],"version-history":[{"count":1,"href":"https:\/\/lahora.mx\/index.php\/wp-json\/wp\/v2\/posts\/51605\/revisions"}],"predecessor-version":[{"id":51607,"href":"https:\/\/lahora.mx\/index.php\/wp-json\/wp\/v2\/posts\/51605\/revisions\/51607"}],"wp:featuredmedia":[{"embeddable":true,"href":"https:\/\/lahora.mx\/index.php\/wp-json\/wp\/v2\/media\/51606"}],"wp:attachment":[{"href":"https:\/\/lahora.mx\/index.php\/wp-json\/wp\/v2\/media?parent=51605"}],"wp:term":[{"taxonomy":"category","embeddable":true,"href":"https:\/\/lahora.mx\/index.php\/wp-json\/wp\/v2\/categories?post=51605"},{"taxonomy":"post_tag","embeddable":true,"href":"https:\/\/lahora.mx\/index.php\/wp-json\/wp\/v2\/tags?post=51605"}],"curies":[{"name":"wp","href":"https:\/\/api.w.org\/{rel}","templated":true}]}}