{"id":51602,"date":"2024-09-03T16:25:40","date_gmt":"2024-09-03T16:25:40","guid":{"rendered":"http:\/\/lahora.mx\/?p=51602"},"modified":"2024-09-03T16:25:41","modified_gmt":"2024-09-03T16:25:41","slug":"muere-rayito-de-luz-el-perrito-que-fue-sepultado-vivo-en-coapan","status":"publish","type":"post","link":"https:\/\/lahora.mx\/index.php\/2024\/09\/03\/muere-rayito-de-luz-el-perrito-que-fue-sepultado-vivo-en-coapan\/","title":{"rendered":"Muere Rayito de Luz, el perrito que fue sepultado vivo en Coapan"},"content":{"rendered":"\n<p>Tras horas de agon\u00eda, el perrito que fue enterrado vivo luego de ser atropellado en la junta auxiliar de Santa Maria Coapan del municipio de Tehuac\u00e1n, muri\u00f3 a causa de fractura de cadera, da\u00f1os internos y externos que no resisti\u00f3 y perdi\u00f3 la vida.<\/p>\n\n\n\n<p>Luego que Tac Una Protecci\u00f3n al Entorno A.C., recibi\u00f3 el reporte sobre un perro que hab\u00eda sido enterrado vivo en una barranca, el pasado s\u00e1bado 31 de agosto, acudieron a ese punto y lo pusieron a salvo, posteriormente lo llevaron de manera urgente a una cl\u00ednica particular donde fue intervenido, sin embargo despu\u00e9s de dos d\u00edas en observaci\u00f3n falleci\u00f3.<\/p>\n\n\n\n<p>Catalina Aguilar Delgado, representante jur\u00eddico de la asociaci\u00f3n, coment\u00f3 que esperaban que por lo menos otra noche la pasar\u00e1 con vida, pero no fue as\u00ed, ya que estaba muy lastimado; su cadera se parti\u00f3 en dos y sus \u00f3rganos no ten\u00edan remedio.<\/p>\n\n\n\n<p>A trav\u00e9s de redes sociales, activistas protectoras de animales expresaron su indignaci\u00f3n por el caso y por los otros que ocurrieron durante los \u00faltimos d\u00edas como la supuesta desaparici\u00f3n de caninos por el evento de la Carrera de la Tortilla as\u00ed como el sujeto que fue evidenciado cuando pretend\u00eda vender a un cachorrito desollado.<\/p>\n\n\n\n<p>En el caso del ejemplar enterrado vivo, le pusieron de nombre Rayito de Luz y confirmaron que muri\u00f3 minutos despu\u00e9s de las 19 horas del lunes 2 de septiembre.<\/p>\n\n\n\n<p>\u00abRayito de Luz, nos dijo un secreto: que los ama a todos ustedes y les pide que nunca dejen de luchar, agradeci\u00f3 a todos por apoyar su rescate y unirse a esta comunidad y generar estos vientos de cambio a favor de los animales\u201d, escribieron en redes sociales.<\/p>\n","protected":false},"excerpt":{"rendered":"<p>Tras horas de agon\u00eda, el perrito que fue enterrado vivo luego de ser atropellado en la junta auxiliar de Santa Maria Coapan del municipio de Tehuac\u00e1n, muri\u00f3 a causa de fractura de cadera, da\u00f1os internos y externos que no resisti\u00f3 y perdi\u00f3 la vida. Luego que Tac Una Protecci\u00f3n al Entorno A.C., recibi\u00f3 el reporte [&hellip;]<\/p>\n","protected":false},"author":4,"featured_media":51603,"comment_status":"open","ping_status":"open","sticky":false,"template":"","format":"standard","meta":{"om_disable_all_campaigns":false,"_monsterinsights_skip_tracking":false,"_monsterinsights_sitenote_active":false,"_monsterinsights_sitenote_note":"","_monsterinsights_sitenote_category":0,"footnotes":""},"categories":[175],"tags":[223],"class_list":["post-51602","post","type-post","status-publish","format-standard","has-post-thumbnail","hentry","category-local","tag-puebla"],"amp_enabled":true,"_links":{"self":[{"href":"https:\/\/lahora.mx\/index.php\/wp-json\/wp\/v2\/posts\/51602","targetHints":{"allow":["GET"]}}],"collection":[{"href":"https:\/\/lahora.mx\/index.php\/wp-json\/wp\/v2\/posts"}],"about":[{"href":"https:\/\/lahora.mx\/index.php\/wp-json\/wp\/v2\/types\/post"}],"author":[{"embeddable":true,"href":"https:\/\/lahora.mx\/index.php\/wp-json\/wp\/v2\/users\/4"}],"replies":[{"embeddable":true,"href":"https:\/\/lahora.mx\/index.php\/wp-json\/wp\/v2\/comments?post=51602"}],"version-history":[{"count":1,"href":"https:\/\/lahora.mx\/index.php\/wp-json\/wp\/v2\/posts\/51602\/revisions"}],"predecessor-version":[{"id":51604,"href":"https:\/\/lahora.mx\/index.php\/wp-json\/wp\/v2\/posts\/51602\/revisions\/51604"}],"wp:featuredmedia":[{"embeddable":true,"href":"https:\/\/lahora.mx\/index.php\/wp-json\/wp\/v2\/media\/51603"}],"wp:attachment":[{"href":"https:\/\/lahora.mx\/index.php\/wp-json\/wp\/v2\/media?parent=51602"}],"wp:term":[{"taxonomy":"category","embeddable":true,"href":"https:\/\/lahora.mx\/index.php\/wp-json\/wp\/v2\/categories?post=51602"},{"taxonomy":"post_tag","embeddable":true,"href":"https:\/\/lahora.mx\/index.php\/wp-json\/wp\/v2\/tags?post=51602"}],"curies":[{"name":"wp","href":"https:\/\/api.w.org\/{rel}","templated":true}]}}