{"id":51599,"date":"2024-09-03T15:38:32","date_gmt":"2024-09-03T15:38:32","guid":{"rendered":"http:\/\/lahora.mx\/?p=51599"},"modified":"2024-09-03T15:38:33","modified_gmt":"2024-09-03T15:38:33","slug":"trabajadores-del-poder-judicial-bloquean-la-camara-de-diputados","status":"publish","type":"post","link":"https:\/\/lahora.mx\/index.php\/2024\/09\/03\/trabajadores-del-poder-judicial-bloquean-la-camara-de-diputados\/","title":{"rendered":"Trabajadores del Poder Judicial bloquean la C\u00e1mara de Diputados"},"content":{"rendered":"\n<p>Trabajadores del Poder Judicial bloquearon hoy todas las calles que dan acceso a la C\u00e1mara de Diputados de la Ciudad de M\u00e9xico (CDMX).<\/p>\n\n\n\n<p>Esto, para evitar se realice la sesi\u00f3n en que legisladores discutir\u00e1n la reforma judicial, que en caso de aprobarse permitir\u00e1 que jueces, ministros y magistrados se elijan por voto popular.<\/p>\n\n\n\n<p>La movilizaci\u00f3n comenz\u00f3 cerca de las 07:00 horas de este martes; se instalaron en las calles aleda\u00f1as de San L\u00e1zaro para impedir la entrada a diputados que lleguen al recinto.<\/p>\n\n\n\n<p>Diputados de Morena dicen que reforma judicial avanzar\u00e1<br>Momentos despu\u00e9s de comenzar el bloqueo, algunos diputados morenistas llegaron a la sede legislativa, pero no pudieron acceder al inmueble federal, entre ellos Julia Arcelia Olgu\u00edn Serna y Patricia Armend\u00e1riz.<\/p>\n\n\n\n<p>En declaraciones para Uno TV, Olgu\u00edn Serna se\u00f1al\u00f3 que a pesar del intento por evitar el arribo de los pol\u00edticos guindas a la C\u00e1mara baja, \u201cla reforma judicial seguir\u00e1 adelante\u201d.<\/p>\n\n\n\n<p>A su vez, la diputada Patricia Armend\u00e1riz los confront\u00f3 y les exigi\u00f3 que explicaran cu\u00e1l es su derecho para bloquear el recinto legislativo.<\/p>\n\n\n\n<p>Ah\u00ed, la legisladora por Morena calific\u00f3 la manifestaci\u00f3n como ilegal y como una provocaci\u00f3n contra los juristas.<\/p>\n\n\n\n<p>\u201c\u00bfCu\u00e1l es su nombre se\u00f1or, cu\u00e1l es su nombre y su posici\u00f3n, yo soy Patricia Armend\u00e1riz, diputada federal, usted qui\u00e9n es? (\u2026) es un honor, estar con Obrador, es un honor, estar con Obrador\u201d, dice la legisladora mientras confronta a uno de los manifestantes.<\/p>\n\n\n\n<p>Asimismo, otra persona se refiere a los inconformes como \u201cporros\u201d y \u201cprovocadores\u201d.<\/p>\n\n\n\n<p>Diputados duermen en San L\u00e1zaro para evitar bloqueos<br>Trabajadores del PJF presentes en los cierres viales de San L\u00e1zaro informaron que diputados morenistas durmieron en las instalaciones de la sede para llevar a cabo la sesi\u00f3n hoy.<\/p>\n\n\n\n<p>Refirieron que, cuando los legisladores oficialistas buscaron cambiar a un edificio alterno con miras de comenzar la sesi\u00f3n, sucedi\u00f3 una ri\u00f1a entre los manifestantes y los pol\u00edticos.<\/p>\n\n\n\n<p>Patricia Aguayo es vocera de los trabajadores del Poder Judicial de la Federaci\u00f3n (PJF) en la manifestaci\u00f3n, quien adem\u00e1s coordina y supervisa el bloqueo.<\/p>\n\n\n\n<p>Tras saberse del traslado a otra sede, Aguayo expres\u00f3: \u201cSe pueden ir a sesionar al infierno, pero aqu\u00ed en la C\u00e1mara de Diputados no van a sesionar hoy ni ma\u00f1ana\u201d.<\/p>\n\n\n\n<p>Monreal asegura que reforma judicial se lograr\u00e1, a\u00fan con bloqueos<\/p>\n\n\n\n<p>En un video que public\u00f3 en redes sociales, Ricardo Monreal \u00c1vila, l\u00edder del grupo parlamentario de Morena en la C\u00e1mara baja, se\u00f1al\u00f3 que sesionar la iniciativa de reforma en una sede alterna.<\/p>\n\n\n\n<p>Sostuvo que, pese a las provocaciones de los trabajadores del PJF, los integrantes de su bancada no caer\u00e1n en ellas. Adem\u00e1s, exhort\u00f3 a los morenistas a no intentar acceder a la sede legislativa.<\/p>\n\n\n\n<p>Monreal, que tambi\u00e9n es presidente de la Junta de Coordinaci\u00f3n Pol\u00edtica (Jucopo), sostuvo que los inconformes son libres de realizar la manifestaci\u00f3n en San L\u00e1zaro, pues es su derecho.<\/p>\n\n\n\n<p>Ofreci\u00f3 una disculpa a quienes no apoyan la reforma judicial, sin embargo, se\u00f1al\u00f3 que s\u00ed se discutir\u00e1 y votar\u00e1 este martes, tras definir la sede en que se llevar\u00e1 a cabo la discusi\u00f3n parlamentaria.<\/p>\n","protected":false},"excerpt":{"rendered":"<p>Trabajadores del Poder Judicial bloquearon hoy todas las calles que dan acceso a la C\u00e1mara de Diputados de la Ciudad de M\u00e9xico (CDMX). Esto, para evitar se realice la sesi\u00f3n en que legisladores discutir\u00e1n la reforma judicial, que en caso de aprobarse permitir\u00e1 que jueces, ministros y magistrados se elijan por voto popular. La movilizaci\u00f3n [&hellip;]<\/p>\n","protected":false},"author":4,"featured_media":51600,"comment_status":"open","ping_status":"open","sticky":false,"template":"","format":"standard","meta":{"om_disable_all_campaigns":false,"_monsterinsights_skip_tracking":false,"_monsterinsights_sitenote_active":false,"_monsterinsights_sitenote_note":"","_monsterinsights_sitenote_category":0,"footnotes":""},"categories":[175],"tags":[195],"class_list":["post-51599","post","type-post","status-publish","format-standard","has-post-thumbnail","hentry","category-local","tag-principal"],"amp_enabled":true,"_links":{"self":[{"href":"https:\/\/lahora.mx\/index.php\/wp-json\/wp\/v2\/posts\/51599","targetHints":{"allow":["GET"]}}],"collection":[{"href":"https:\/\/lahora.mx\/index.php\/wp-json\/wp\/v2\/posts"}],"about":[{"href":"https:\/\/lahora.mx\/index.php\/wp-json\/wp\/v2\/types\/post"}],"author":[{"embeddable":true,"href":"https:\/\/lahora.mx\/index.php\/wp-json\/wp\/v2\/users\/4"}],"replies":[{"embeddable":true,"href":"https:\/\/lahora.mx\/index.php\/wp-json\/wp\/v2\/comments?post=51599"}],"version-history":[{"count":1,"href":"https:\/\/lahora.mx\/index.php\/wp-json\/wp\/v2\/posts\/51599\/revisions"}],"predecessor-version":[{"id":51601,"href":"https:\/\/lahora.mx\/index.php\/wp-json\/wp\/v2\/posts\/51599\/revisions\/51601"}],"wp:featuredmedia":[{"embeddable":true,"href":"https:\/\/lahora.mx\/index.php\/wp-json\/wp\/v2\/media\/51600"}],"wp:attachment":[{"href":"https:\/\/lahora.mx\/index.php\/wp-json\/wp\/v2\/media?parent=51599"}],"wp:term":[{"taxonomy":"category","embeddable":true,"href":"https:\/\/lahora.mx\/index.php\/wp-json\/wp\/v2\/categories?post=51599"},{"taxonomy":"post_tag","embeddable":true,"href":"https:\/\/lahora.mx\/index.php\/wp-json\/wp\/v2\/tags?post=51599"}],"curies":[{"name":"wp","href":"https:\/\/api.w.org\/{rel}","templated":true}]}}