{"id":51593,"date":"2024-09-03T03:15:40","date_gmt":"2024-09-03T03:15:40","guid":{"rendered":"http:\/\/lahora.mx\/?p=51593"},"modified":"2024-09-03T03:15:40","modified_gmt":"2024-09-03T03:15:40","slug":"sputnik-la-vacuna-de-refuerzo-que-aplicara-el-gobierno-como-medida-de-refuerzo-contra-covid-19","status":"publish","type":"post","link":"https:\/\/lahora.mx\/index.php\/2024\/09\/03\/sputnik-la-vacuna-de-refuerzo-que-aplicara-el-gobierno-como-medida-de-refuerzo-contra-covid-19\/","title":{"rendered":"Sputnik; la vacuna de refuerzo que aplicara el gobierno como medida de refuerzo contra Covid-19"},"content":{"rendered":"\n<p>Con el fin de proteger a las y los poblanos contra la COVID-19, el gobierno presente de Sergio Salom\u00f3n C\u00e9spedes Peregrina, a trav\u00e9s de la Secretar\u00eda de Salud, organizar\u00e1 jornadas de vacunaci\u00f3n en las 10 jurisdicciones sanitarias, mediante las cuales aplicar\u00e1 un refuerzo contra la enfermedad con el biol\u00f3gico \u201cSputnik\u201d (dosis \u00fanica).<\/p>\n\n\n\n<p>Asimismo, la Secretar\u00eda precisa que la poblaci\u00f3n a vacunarse incluye: mujeres lactantes, embarazadas despu\u00e9s de las 12 semanas de gestaci\u00f3n, as\u00ed como en puerperio (quienes al menos deber\u00e1n tener 6 meses despu\u00e9s de haber recibido su \u00faltima dosis), mayores de 18 a\u00f1os, personas de 60 a\u00f1os y m\u00e1s, com\u00f3rbidos y personal m\u00e9dico.<\/p>\n\n\n\n<p>La dependencia recuerda la importancia de aplicarse la vacuna para prevenir complicaciones al contagiarse de SARS-CoV-2, y conmina a la poblaci\u00f3n a continuar con el lavado frecuente de manos, estornudo de etiqueta, uso de gel antibacterial y acudir al m\u00e9dico lo antes posible en caso de presentar s\u00edntomas de resfriado.<\/p>\n\n\n\n<p>Cabe destacar que las y los interesados podr\u00e1n revisar las sedes y fechas en la siguiente liga https:\/\/ss.puebla.gob.mx\/images\/areas\/secretaria-salud\/TABLAS-COVID.pdf y as\u00ed solicitar la vacuna, la cual es efectiva, eficaz, segura y reduce el riesgo de que se agrave la enfermedad.<\/p>\n\n\n\n<p>Los horarios depender\u00e1n de la jurisdicci\u00f3n a la que pertenezcan:<\/p>\n\n\n\n<p>Jurisdicci\u00f3n 01 Huauchinango de 8:30 a 15:00 horas.<br>Jurisdicci\u00f3n 02 Chignahuapan de 9:00 a 15:00 horas.<br>Jurisdicci\u00f3n 03 Zacapoaxtla de 09:00 a 15:00 horas.<br>Jurisdicci\u00f3n 04 San Salvador el Seco de 10:00 a 14:00 horas.<br>Jurisdicci\u00f3n 05 Huejotzingo de 09:00 a 14:00 horas.<br>Jurisdicci\u00f3n 06 Puebla de 09:00 a 14:00 horas.<br>Jurisdicci\u00f3n 08 Acatl\u00e1n de Osorio de 09:00 a 15:00 horas.<br>Jurisdicci\u00f3n 09 Tepexi de Rodr\u00edguez de 09 a 15:00 horas.<br>Jurisdicci\u00f3n 10 Tehuac\u00e1n de 9:00 a 13:00 horas.<\/p>\n","protected":false},"excerpt":{"rendered":"<p>Con el fin de proteger a las y los poblanos contra la COVID-19, el gobierno presente de Sergio Salom\u00f3n C\u00e9spedes Peregrina, a trav\u00e9s de la Secretar\u00eda de Salud, organizar\u00e1 jornadas de vacunaci\u00f3n en las 10 jurisdicciones sanitarias, mediante las cuales aplicar\u00e1 un refuerzo contra la enfermedad con el biol\u00f3gico \u201cSputnik\u201d (dosis \u00fanica). Asimismo, la Secretar\u00eda [&hellip;]<\/p>\n","protected":false},"author":4,"featured_media":51594,"comment_status":"open","ping_status":"open","sticky":false,"template":"","format":"standard","meta":{"om_disable_all_campaigns":false,"_monsterinsights_skip_tracking":false,"_monsterinsights_sitenote_active":false,"_monsterinsights_sitenote_note":"","_monsterinsights_sitenote_category":0,"footnotes":""},"categories":[175],"tags":[195,223],"class_list":["post-51593","post","type-post","status-publish","format-standard","has-post-thumbnail","hentry","category-local","tag-principal","tag-puebla"],"amp_enabled":true,"_links":{"self":[{"href":"https:\/\/lahora.mx\/index.php\/wp-json\/wp\/v2\/posts\/51593","targetHints":{"allow":["GET"]}}],"collection":[{"href":"https:\/\/lahora.mx\/index.php\/wp-json\/wp\/v2\/posts"}],"about":[{"href":"https:\/\/lahora.mx\/index.php\/wp-json\/wp\/v2\/types\/post"}],"author":[{"embeddable":true,"href":"https:\/\/lahora.mx\/index.php\/wp-json\/wp\/v2\/users\/4"}],"replies":[{"embeddable":true,"href":"https:\/\/lahora.mx\/index.php\/wp-json\/wp\/v2\/comments?post=51593"}],"version-history":[{"count":1,"href":"https:\/\/lahora.mx\/index.php\/wp-json\/wp\/v2\/posts\/51593\/revisions"}],"predecessor-version":[{"id":51595,"href":"https:\/\/lahora.mx\/index.php\/wp-json\/wp\/v2\/posts\/51593\/revisions\/51595"}],"wp:featuredmedia":[{"embeddable":true,"href":"https:\/\/lahora.mx\/index.php\/wp-json\/wp\/v2\/media\/51594"}],"wp:attachment":[{"href":"https:\/\/lahora.mx\/index.php\/wp-json\/wp\/v2\/media?parent=51593"}],"wp:term":[{"taxonomy":"category","embeddable":true,"href":"https:\/\/lahora.mx\/index.php\/wp-json\/wp\/v2\/categories?post=51593"},{"taxonomy":"post_tag","embeddable":true,"href":"https:\/\/lahora.mx\/index.php\/wp-json\/wp\/v2\/tags?post=51593"}],"curies":[{"name":"wp","href":"https:\/\/api.w.org\/{rel}","templated":true}]}}