{"id":51590,"date":"2024-09-03T03:10:34","date_gmt":"2024-09-03T03:10:34","guid":{"rendered":"http:\/\/lahora.mx\/?p=51590"},"modified":"2024-09-03T03:10:34","modified_gmt":"2024-09-03T03:10:34","slug":"tras-la-negativa-de-trabajadores-a-preacuerdo-se-planea-reanudar-las-negociaciones-entre-vw-y-sindicato","status":"publish","type":"post","link":"https:\/\/lahora.mx\/index.php\/2024\/09\/03\/tras-la-negativa-de-trabajadores-a-preacuerdo-se-planea-reanudar-las-negociaciones-entre-vw-y-sindicato\/","title":{"rendered":"Tras la negativa de trabajadores a preacuerdo Se planea reanudar las negociaciones entre VW  y sindicato"},"content":{"rendered":"\n<p>Esta semana la empresa y el sindicato de Volkswagen de M\u00e9xico en Puebla, retomar\u00e1n las negociaciones de la revisi\u00f3n contractual 2024, luego de que los trabajadores rechazaran, el pasado viernes, el primer preacuerdo del 10.59 por ciento.<\/p>\n\n\n\n<p>Hugo Tlalpan Luna, secretario general del Sindicato Independiente de Trabajadores de la Industria Automotriz, Similares y Conexos \u201cVolkswagen de M\u00e9xico\u201d (SITIAVW), inform\u00f3 a este diario que el d\u00eda exacto a\u00fan se est\u00e1 definiendo con el fin de empatar las agendas de todos los participantes.<\/p>\n\n\n\n<p>Aclar\u00f3 que las mesas de di\u00e1logo se llevar\u00e1n a cabo en la Ciudad de M\u00e9xico con la presencia de las autoridades de la Secretar\u00eda del Trabajo y Previsi\u00f3n Social (STPS) y del Centro Federal de Conciliaci\u00f3n y Registro Laboral (CFCRL).<\/p>\n\n\n\n<p>El nuevo acuerdo al que lleguen ambas partes, debe ser consultado otra vez con la base trabajadora, pues as\u00ed lo establece la Reforma Laboral que entr\u00f3 en vigor en el 2021.<br>Si es rechazada por segunda ocasi\u00f3n, existe el riesgo latente de que estalle una huelga, como sucedi\u00f3 en Audi M\u00e9xico a principios de a\u00f1o, lo que detendr\u00eda su producci\u00f3n, venta y exportaci\u00f3n de veh\u00edculos.<\/p>\n\n\n\n<p>Por el contrario, si es aceptada, la revisi\u00f3n contractual se dar\u00eda por terminada y los colaboradores recibir\u00edan en su pr\u00f3xima quincena el ajuste de su nuevo salario y prestaciones.<\/p>\n\n\n\n<p>Sobre esto, la empresa inform\u00f3 que est\u00e1n dispuestos a retomar las negociaciones con la representaci\u00f3n sindical, tan pronto lo instruyan las autoridades con base en los procesos que establece la ley.<\/p>\n\n\n\n<p>Cabe recordar que el pasado viernes 30 de agosto se llev\u00f3 a cabo una consulta sobre la primera propuesta del 10.59 por ciento, dividido en un 7 por ciento directo al salario y 3.59 por ciento en prestaciones.<\/p>\n\n\n\n<p>En dicha jornada, que dur\u00f3 14 horas, se contabilizaron un total de 6 mil 863 votos, de los cuales, 3 mil 825 estuvieron en contra, es decir, el 55.7 por ciento; 3 mil 020 fueron a favor, lo que represent\u00f3 una minor\u00eda, con el 44 por ciento, y 18 votos fueron anulados.<\/p>\n","protected":false},"excerpt":{"rendered":"<p>Esta semana la empresa y el sindicato de Volkswagen de M\u00e9xico en Puebla, retomar\u00e1n las negociaciones de la revisi\u00f3n contractual 2024, luego de que los trabajadores rechazaran, el pasado viernes, el primer preacuerdo del 10.59 por ciento. Hugo Tlalpan Luna, secretario general del Sindicato Independiente de Trabajadores de la Industria Automotriz, Similares y Conexos \u201cVolkswagen [&hellip;]<\/p>\n","protected":false},"author":4,"featured_media":51591,"comment_status":"open","ping_status":"open","sticky":false,"template":"","format":"standard","meta":{"om_disable_all_campaigns":false,"_monsterinsights_skip_tracking":false,"_monsterinsights_sitenote_active":false,"_monsterinsights_sitenote_note":"","_monsterinsights_sitenote_category":0,"footnotes":""},"categories":[175],"tags":[195,223],"class_list":["post-51590","post","type-post","status-publish","format-standard","has-post-thumbnail","hentry","category-local","tag-principal","tag-puebla"],"amp_enabled":true,"_links":{"self":[{"href":"https:\/\/lahora.mx\/index.php\/wp-json\/wp\/v2\/posts\/51590","targetHints":{"allow":["GET"]}}],"collection":[{"href":"https:\/\/lahora.mx\/index.php\/wp-json\/wp\/v2\/posts"}],"about":[{"href":"https:\/\/lahora.mx\/index.php\/wp-json\/wp\/v2\/types\/post"}],"author":[{"embeddable":true,"href":"https:\/\/lahora.mx\/index.php\/wp-json\/wp\/v2\/users\/4"}],"replies":[{"embeddable":true,"href":"https:\/\/lahora.mx\/index.php\/wp-json\/wp\/v2\/comments?post=51590"}],"version-history":[{"count":1,"href":"https:\/\/lahora.mx\/index.php\/wp-json\/wp\/v2\/posts\/51590\/revisions"}],"predecessor-version":[{"id":51592,"href":"https:\/\/lahora.mx\/index.php\/wp-json\/wp\/v2\/posts\/51590\/revisions\/51592"}],"wp:featuredmedia":[{"embeddable":true,"href":"https:\/\/lahora.mx\/index.php\/wp-json\/wp\/v2\/media\/51591"}],"wp:attachment":[{"href":"https:\/\/lahora.mx\/index.php\/wp-json\/wp\/v2\/media?parent=51590"}],"wp:term":[{"taxonomy":"category","embeddable":true,"href":"https:\/\/lahora.mx\/index.php\/wp-json\/wp\/v2\/categories?post=51590"},{"taxonomy":"post_tag","embeddable":true,"href":"https:\/\/lahora.mx\/index.php\/wp-json\/wp\/v2\/tags?post=51590"}],"curies":[{"name":"wp","href":"https:\/\/api.w.org\/{rel}","templated":true}]}}