{"id":51587,"date":"2024-09-03T02:52:25","date_gmt":"2024-09-03T02:52:25","guid":{"rendered":"http:\/\/lahora.mx\/?p=51587"},"modified":"2024-09-03T02:52:25","modified_gmt":"2024-09-03T02:52:25","slug":"medicos-cubanos-son-confundidos-con-delincuentes-en-ayotoxco","status":"publish","type":"post","link":"https:\/\/lahora.mx\/index.php\/2024\/09\/03\/medicos-cubanos-son-confundidos-con-delincuentes-en-ayotoxco\/","title":{"rendered":"M\u00e9dicos cubanos, son confundidos con delincuentes en Ayotoxco"},"content":{"rendered":"\n<p>En Ayotoxco de Guerrero, la regidora de Salud, Mar\u00eda Luisa Su\u00e1rez Reyes, fue denunciada por una presunta arbitrariedad al ordenar la detenci\u00f3n de m\u00e9dicos cubanos que recientemente llegaron al municipio para prestar servicios en el Hospital Comunitario.<\/p>\n\n\n\n<p>De acuerdo con un video difundido por una ciudadana, la funcionaria confundi\u00f3 a los m\u00e9dicos con delincuentes y, apoyada por una patrulla, los traslad\u00f3 al Palacio Municipal, donde fueron retenidos sin justificaci\u00f3n.<\/p>\n\n\n\n<p>Los m\u00e9dicos han estado trabajando en Ayotoxco desde hace dos meses, derivado de las denuncias que durante a\u00f1os se han venido presentando, por las precarias condiciones en que se encuentra el nosocomio y la falta de personal.<\/p>\n\n\n\n<p>Ellos forman parte de un contingente de 2 mil 700 especialistas cubanos enviados por el gobierno federal, como iniciativa del presidente Andr\u00e9s Manuel L\u00f3pez Obrador, para cubrir las necesidades de 282 hospitales en zonas rurales o de alta marginaci\u00f3n.<\/p>\n\n\n\n<p>El Hospital Comunitario ha sido foco de atenci\u00f3n desde que inici\u00f3 funciones, debido a las irregularidades que registra. La m\u00e1s reciente ocurri\u00f3 en junio, cuando trabajadores de esta instituci\u00f3n gubernamental, realizaron un paro de labores para exigir un trato digno y m\u00e1s m\u00e9dicos.<\/p>\n\n\n\n<p>Tambi\u00e9n denunciaron que los pacientes deb\u00edan ba\u00f1arse con agua fr\u00eda, colectada en cubetas de 20 litros de agua. Asimismo, en tiempo de lluvias o fr\u00edo utilizaban una resistencia el\u00e9ctrica para calentar el agua, por falta del servicio.<\/p>\n\n\n\n<p>Asimismo, indicaron que la entonces directora del Hospital Comunitario de Ayotoxco de Guerrero, Liliana Anel Lemini Valderrabano era omisa ante la falta de medicamentos e insumos, trat\u00e1ndose de un hospital adscrito al gobierno federal incluido en el modelo IMSS-Bienestar.<\/p>\n\n\n\n<p>La detenci\u00f3n de los m\u00e9dicos caus\u00f3 preocupaci\u00f3n entre los residentes, quienes temen que la acci\u00f3n de la regidora ponga en riesgo la continuidad de los servicios de salud en la regi\u00f3n.<\/p>\n\n\n\n<p>La denunciante expres\u00f3 su preocupaci\u00f3n por el bienestar de los m\u00e9dicos y cuestion\u00f3 la ausencia de la regidora en asuntos de salud p\u00fablica; adem\u00e1s, afirm\u00f3 que ya se encontraban a salvo y lament\u00f3 \u201cla injusticia cometida\u201d.<\/p>\n\n\n\n<p>\u201cEllos est\u00e1n decepcionados, est\u00e1n asustados. Entendemos que pues est\u00e1n en otro pa\u00eds y el que se han tratados de esta manera pues no es correcto, lo que es m\u00e1s reprobable ante esta situaci\u00f3n es que justo sea la regidora de Salud qui\u00e9n comete esta acci\u00f3n (\u2026) queda clar\u00edsimo que la se\u00f1ora no los conoce, no sabe que llegaron estos m\u00e9dicos\u201d, detall\u00f3 en el video.<\/p>\n\n\n\n<p>En el clip tambi\u00e9n le pide a la regidora de Salud a que visite el nosocomio y conozca un poco de las necesidades que tiene el lugar, que hable con quienes laboran en el sitio y mejore sus capacidades como servidora p\u00fablica.<\/p>\n","protected":false},"excerpt":{"rendered":"<p>En Ayotoxco de Guerrero, la regidora de Salud, Mar\u00eda Luisa Su\u00e1rez Reyes, fue denunciada por una presunta arbitrariedad al ordenar la detenci\u00f3n de m\u00e9dicos cubanos que recientemente llegaron al municipio para prestar servicios en el Hospital Comunitario. De acuerdo con un video difundido por una ciudadana, la funcionaria confundi\u00f3 a los m\u00e9dicos con delincuentes y, [&hellip;]<\/p>\n","protected":false},"author":4,"featured_media":51588,"comment_status":"open","ping_status":"open","sticky":false,"template":"","format":"standard","meta":{"om_disable_all_campaigns":false,"_monsterinsights_skip_tracking":false,"_monsterinsights_sitenote_active":false,"_monsterinsights_sitenote_note":"","_monsterinsights_sitenote_category":0,"footnotes":""},"categories":[175,226],"tags":[223],"class_list":["post-51587","post","type-post","status-publish","format-standard","has-post-thumbnail","hentry","category-local","category-policia","tag-puebla"],"amp_enabled":true,"_links":{"self":[{"href":"https:\/\/lahora.mx\/index.php\/wp-json\/wp\/v2\/posts\/51587","targetHints":{"allow":["GET"]}}],"collection":[{"href":"https:\/\/lahora.mx\/index.php\/wp-json\/wp\/v2\/posts"}],"about":[{"href":"https:\/\/lahora.mx\/index.php\/wp-json\/wp\/v2\/types\/post"}],"author":[{"embeddable":true,"href":"https:\/\/lahora.mx\/index.php\/wp-json\/wp\/v2\/users\/4"}],"replies":[{"embeddable":true,"href":"https:\/\/lahora.mx\/index.php\/wp-json\/wp\/v2\/comments?post=51587"}],"version-history":[{"count":1,"href":"https:\/\/lahora.mx\/index.php\/wp-json\/wp\/v2\/posts\/51587\/revisions"}],"predecessor-version":[{"id":51589,"href":"https:\/\/lahora.mx\/index.php\/wp-json\/wp\/v2\/posts\/51587\/revisions\/51589"}],"wp:featuredmedia":[{"embeddable":true,"href":"https:\/\/lahora.mx\/index.php\/wp-json\/wp\/v2\/media\/51588"}],"wp:attachment":[{"href":"https:\/\/lahora.mx\/index.php\/wp-json\/wp\/v2\/media?parent=51587"}],"wp:term":[{"taxonomy":"category","embeddable":true,"href":"https:\/\/lahora.mx\/index.php\/wp-json\/wp\/v2\/categories?post=51587"},{"taxonomy":"post_tag","embeddable":true,"href":"https:\/\/lahora.mx\/index.php\/wp-json\/wp\/v2\/tags?post=51587"}],"curies":[{"name":"wp","href":"https:\/\/api.w.org\/{rel}","templated":true}]}}