{"id":51568,"date":"2024-09-02T23:08:47","date_gmt":"2024-09-02T23:08:47","guid":{"rendered":"http:\/\/lahora.mx\/?p=51568"},"modified":"2024-09-02T23:08:48","modified_gmt":"2024-09-02T23:08:48","slug":"granjas-carroll-impulsa-la-economia-regional-en-veracruz-y-puebla","status":"publish","type":"post","link":"https:\/\/lahora.mx\/index.php\/2024\/09\/02\/granjas-carroll-impulsa-la-economia-regional-en-veracruz-y-puebla\/","title":{"rendered":"Granjas Carroll impulsa la econom\u00eda regional en Veracruz y Puebla"},"content":{"rendered":"\n<p>La empresa Granjas Carroll de M\u00e9xico (GCM) se ha consolidado por su contribuci\u00f3n a la econom\u00eda de los estados de Puebla y Veracruz, generando una derrama econ\u00f3mica que asciende a 1 mil 325 millones de pesos anuales. Esta cifra se desglosa en 225 millones de pesos derivados de compras regionales y 1 mil 100 millones de pesos correspondientes a salarios, prestaciones, impuestos y apoyos a la comunidad.<\/p>\n\n\n\n<p>La actividad productiva de GCM no s\u00f3lo impacta directamente en estos n\u00fameros, sino que tambi\u00e9n act\u00faa como un dinamizador clave de la econom\u00eda local al conectar y fortalecer los sectores agr\u00edcolas, industrial y de servicios. Este efecto multiplicador se evidencia en la mejora significativa de la infraestructura local.<\/p>\n\n\n\n<p>Granjas Carroll impulsa la econom\u00eda regional en localidades de Veracruz y Puebla<br>En los \u00faltimos a\u00f1os, el desarrollo de infraestructura el\u00e9ctrica y de caminos rurales hacia las granjas, impulsado por la presencia de GCM, ha permitido que los agricultores de la zona accedan al servicio el\u00e9ctrico para sus sistemas de riego. Esta modernizaci\u00f3n ha incrementado la productividad agr\u00edcola, mejorando los rendimientos de las cosechas y, por ende, los ingresos de las familias de los productores.<\/p>\n\n\n\n<p>Ejemplo de lo anterior es la transformaci\u00f3n econ\u00f3mica de Perote y su regi\u00f3n en las \u00faltimas tres d\u00e9cadas: de ser un \u00e1rea con limitadas opciones comerciales y de servicios, ha evolucionado para albergar sucursales de cuatro bancos, dos supermercados, una tienda departamental, comercios de art\u00edculos electr\u00f3nicos y establecimientos especializados. Este crecimiento es un claro reflejo del impacto positivo de GCM en la zona, posicionando a Perote como un n\u00facleo econ\u00f3mico emergente en la regi\u00f3n.<\/p>\n\n\n\n<p>Granjas Carroll impulsa la econom\u00eda regional en localidades de Veracruz y Puebla<br>Por su firme compromiso con el desarrollo local, GCM contin\u00faa siendo un actor esencial en la promoci\u00f3n del bienestar econ\u00f3mico y social de Veracruz y Puebla, evidenciando c\u00f3mo la inversi\u00f3n en infraestructura y servicios puede transformar positivamente la vida de las comunidades rurales.<\/p>\n","protected":false},"excerpt":{"rendered":"<p>La empresa Granjas Carroll de M\u00e9xico (GCM) se ha consolidado por su contribuci\u00f3n a la econom\u00eda de los estados de Puebla y Veracruz, generando una derrama econ\u00f3mica que asciende a 1 mil 325 millones de pesos anuales. Esta cifra se desglosa en 225 millones de pesos derivados de compras regionales y 1 mil 100 millones [&hellip;]<\/p>\n","protected":false},"author":4,"featured_media":51569,"comment_status":"open","ping_status":"open","sticky":false,"template":"","format":"standard","meta":{"om_disable_all_campaigns":false,"_monsterinsights_skip_tracking":false,"_monsterinsights_sitenote_active":false,"_monsterinsights_sitenote_note":"","_monsterinsights_sitenote_category":0,"footnotes":""},"categories":[175],"tags":[223],"class_list":["post-51568","post","type-post","status-publish","format-standard","has-post-thumbnail","hentry","category-local","tag-puebla"],"amp_enabled":true,"_links":{"self":[{"href":"https:\/\/lahora.mx\/index.php\/wp-json\/wp\/v2\/posts\/51568","targetHints":{"allow":["GET"]}}],"collection":[{"href":"https:\/\/lahora.mx\/index.php\/wp-json\/wp\/v2\/posts"}],"about":[{"href":"https:\/\/lahora.mx\/index.php\/wp-json\/wp\/v2\/types\/post"}],"author":[{"embeddable":true,"href":"https:\/\/lahora.mx\/index.php\/wp-json\/wp\/v2\/users\/4"}],"replies":[{"embeddable":true,"href":"https:\/\/lahora.mx\/index.php\/wp-json\/wp\/v2\/comments?post=51568"}],"version-history":[{"count":1,"href":"https:\/\/lahora.mx\/index.php\/wp-json\/wp\/v2\/posts\/51568\/revisions"}],"predecessor-version":[{"id":51570,"href":"https:\/\/lahora.mx\/index.php\/wp-json\/wp\/v2\/posts\/51568\/revisions\/51570"}],"wp:featuredmedia":[{"embeddable":true,"href":"https:\/\/lahora.mx\/index.php\/wp-json\/wp\/v2\/media\/51569"}],"wp:attachment":[{"href":"https:\/\/lahora.mx\/index.php\/wp-json\/wp\/v2\/media?parent=51568"}],"wp:term":[{"taxonomy":"category","embeddable":true,"href":"https:\/\/lahora.mx\/index.php\/wp-json\/wp\/v2\/categories?post=51568"},{"taxonomy":"post_tag","embeddable":true,"href":"https:\/\/lahora.mx\/index.php\/wp-json\/wp\/v2\/tags?post=51568"}],"curies":[{"name":"wp","href":"https:\/\/api.w.org\/{rel}","templated":true}]}}