{"id":5148,"date":"2022-04-06T20:53:17","date_gmt":"2022-04-06T20:53:17","guid":{"rendered":"http:\/\/lahora.mx\/?p=5148"},"modified":"2022-04-06T20:53:17","modified_gmt":"2022-04-06T20:53:17","slug":"5-2-millones-de-personas-necesitan-un-segundo-trabajo-en-mexico","status":"publish","type":"post","link":"https:\/\/lahora.mx\/index.php\/2022\/04\/06\/5-2-millones-de-personas-necesitan-un-segundo-trabajo-en-mexico\/","title":{"rendered":"5.2 millones de personas necesitan un segundo trabajo en Mexico"},"content":{"rendered":"\n<p>El&nbsp;<strong>subempleo<\/strong>&nbsp;o&nbsp;<strong>subocupaci\u00f3n<\/strong>&nbsp;es una condici\u00f3n de trabajo en la que se encuentran las personas que laboran jornadas reducidas y necesitan&nbsp;trabajar m\u00e1s tiempo. La definici\u00f3n oficial del Instituto Nacional de Estad\u00edstica y Geograf\u00eda (Inegi), es que se trata de \u201cpersonas de 15 y m\u00e1s a\u00f1os de edad que tienen la necesidad y disponibilidad de ofertar m\u00e1s horas de trabajo de lo que su ocupaci\u00f3n actual les permite\u201d.<\/p>\n\n\n\n<p>De acuerdo con la Encuesta Nacional de Ocupaci\u00f3n y Empleo (ENOE), el<strong>&nbsp;subempleo en M\u00e9xico<\/strong>&nbsp;abarca al 9.2% de la poblaci\u00f3n ocupada, lo que significa que 5.2&nbsp;millones de personas trabajadoras se encuentran en esta condici\u00f3n.<\/p>\n\n\n\n<p>En febrero de este a\u00f1o, la subocupaci\u00f3n tuvo un ligero repunte en comparaci\u00f3n con enero, lo que implic\u00f3 que 118,672 personas se sumaran al subempleo a la par del incremento de la poblaci\u00f3n ocupada y la\u00a0<strong>tasa de desempleo<\/strong>.<\/p>\n\n\n\n<p>El&nbsp;<strong>64% de los subocupados<\/strong>&nbsp;en M\u00e9xico est\u00e1 empleado en las actividades de servicio. Al interior del sector terciario, el comercio, los servicios diversos y los restaurantes abarcan la mitad de las personas subempleadas en este rengl\u00f3n.<\/p>\n\n\n\n<p>Entre la<strong>&nbsp;fuerza laboral<\/strong>&nbsp;en esta condici\u00f3n, el 36% cuenta con educaci\u00f3n media superior o estudios universitarios, el segundo grupo m\u00e1s representado con 35% es el de personas con secundaria.<\/p>\n\n\n\n<p>Aunque el\u00a0<strong>concepto de subempleo<\/strong>\u00a0abarca a toda persona que tiene la necesidad y disponibilidad de ofrecer m\u00e1s horas de trabajo, parad\u00f3jicamente s\u00f3lo el 8% de esta poblaci\u00f3n declara encontrarse en una b\u00fasqueda de empleo adicional\u00a0seg\u00fan el \u00faltimo reporte de la ENOE.<\/p>\n\n\n\n<p>En 2020, durante el per\u00edodo m\u00e1s cr\u00edtico de la pandemia,<strong>&nbsp;el subempleo<\/strong>&nbsp;alcanz\u00f3 al 30% de la ocupaci\u00f3n en el pa\u00eds, su nivel m\u00e1s alto de la historia y el doble de lo observado en el 2009 en el marco&nbsp;de la crisis financiera global.<\/p>\n\n\n\n<p>A medida que el mercado de trabajo se ha recuperado\u00a0\u00a0y la tasa de desempleo ha retornado a sus niveles cercanos a la pandemia, la\u00a0<strong>subsocupaci\u00f3n<\/strong>\u00a0tambi\u00e9n ha disminuido paulatinamente, aunque con cierta volatilidad. El 2021 el subempleo inici\u00f3 con un nivel de 15% y cerr\u00f3 el a\u00f1o en 10 por ciento. Para el arranque de 2022 nuevamente volvi\u00f3 a disminuir, aunque esta reducci\u00f3n tambi\u00e9n se explic\u00f3 por la salida de 1.5 millones de personas de la poblaci\u00f3n ocupada.<\/p>\n\n\n\n<p>Sin embargo, en agosto de 2021 cuando el mercado laboral report\u00f3 por primera vez un retorno a los niveles de ocupaci\u00f3n observados antes del impacto de la pandemia,\u00a0<strong>el subempleo<\/strong>\u00a0se encontraba en 11%, dos puntos porcentuales por arriba de su nivel previo a la emergencia sanitaria. Este era uno de los indicadores que reflej\u00f3 una recuperaci\u00f3n de puestos de trabajo, pero en condiciones m\u00e1s adversas espec\u00edficamente, personas que encontraron una ocupaci\u00f3n, pero de medio tiempo.<\/p>\n\n\n\n<p>A pesar de su ligero incremento en el mes pasado, con su nivel actual la&nbsp;<strong>tasa de subocupaci\u00f3n<\/strong>&nbsp;se encuentra cercana a sus dimensiones pre-pandemia, le tom\u00f3 dos a\u00f1os retornar a ese punto. Pero en comparaci\u00f3n con el mismo mes de 2020, hay una reducci\u00f3n de 2.1 millones de personas trabajadores en este rengl\u00f3n.<\/p>\n","protected":false},"excerpt":{"rendered":"<p>El&nbsp;subempleo&nbsp;o&nbsp;subocupaci\u00f3n&nbsp;es una condici\u00f3n de trabajo en la que se encuentran las personas que laboran jornadas reducidas y necesitan&nbsp;trabajar m\u00e1s tiempo. La definici\u00f3n oficial del Instituto Nacional de Estad\u00edstica y Geograf\u00eda (Inegi), es que se trata de \u201cpersonas de 15 y m\u00e1s a\u00f1os de edad que tienen la necesidad y disponibilidad de ofertar m\u00e1s horas de [&hellip;]<\/p>\n","protected":false},"author":4,"featured_media":5149,"comment_status":"open","ping_status":"open","sticky":false,"template":"","format":"standard","meta":{"om_disable_all_campaigns":false,"_monsterinsights_skip_tracking":false,"_monsterinsights_sitenote_active":false,"_monsterinsights_sitenote_note":"","_monsterinsights_sitenote_category":0,"footnotes":""},"categories":[176,2],"tags":[],"class_list":["post-5148","post","type-post","status-publish","format-standard","has-post-thumbnail","hentry","category-nacional","category-negocios"],"amp_enabled":true,"_links":{"self":[{"href":"https:\/\/lahora.mx\/index.php\/wp-json\/wp\/v2\/posts\/5148","targetHints":{"allow":["GET"]}}],"collection":[{"href":"https:\/\/lahora.mx\/index.php\/wp-json\/wp\/v2\/posts"}],"about":[{"href":"https:\/\/lahora.mx\/index.php\/wp-json\/wp\/v2\/types\/post"}],"author":[{"embeddable":true,"href":"https:\/\/lahora.mx\/index.php\/wp-json\/wp\/v2\/users\/4"}],"replies":[{"embeddable":true,"href":"https:\/\/lahora.mx\/index.php\/wp-json\/wp\/v2\/comments?post=5148"}],"version-history":[{"count":1,"href":"https:\/\/lahora.mx\/index.php\/wp-json\/wp\/v2\/posts\/5148\/revisions"}],"predecessor-version":[{"id":5150,"href":"https:\/\/lahora.mx\/index.php\/wp-json\/wp\/v2\/posts\/5148\/revisions\/5150"}],"wp:featuredmedia":[{"embeddable":true,"href":"https:\/\/lahora.mx\/index.php\/wp-json\/wp\/v2\/media\/5149"}],"wp:attachment":[{"href":"https:\/\/lahora.mx\/index.php\/wp-json\/wp\/v2\/media?parent=5148"}],"wp:term":[{"taxonomy":"category","embeddable":true,"href":"https:\/\/lahora.mx\/index.php\/wp-json\/wp\/v2\/categories?post=5148"},{"taxonomy":"post_tag","embeddable":true,"href":"https:\/\/lahora.mx\/index.php\/wp-json\/wp\/v2\/tags?post=5148"}],"curies":[{"name":"wp","href":"https:\/\/api.w.org\/{rel}","templated":true}]}}