{"id":5136,"date":"2022-04-06T17:12:35","date_gmt":"2022-04-06T17:12:35","guid":{"rendered":"http:\/\/lahora.mx\/?p=5136"},"modified":"2022-04-06T17:12:36","modified_gmt":"2022-04-06T17:12:36","slug":"en-mexico-la-subocupacion-5-2-millones-de-personas-necesitan-un-segundo-trabajo","status":"publish","type":"post","link":"https:\/\/lahora.mx\/index.php\/2022\/04\/06\/en-mexico-la-subocupacion-5-2-millones-de-personas-necesitan-un-segundo-trabajo\/","title":{"rendered":"En M\u00e9xico la Subocupaci\u00f3n: 5.2 millones de personas necesitan un segundo trabajo"},"content":{"rendered":"\n<p>El&nbsp;<strong>subempleo<\/strong>&nbsp;o&nbsp;<strong>subocupaci\u00f3n<\/strong>&nbsp;es una condici\u00f3n de trabajo en la que se encuentran las personas que laboran jornadas reducidas y necesitan&nbsp;trabajar m\u00e1s tiempo. La definici\u00f3n oficial del Instituto Nacional de Estad\u00edstica y Geograf\u00eda (Inegi), es que se trata de \u201cpersonas de 15 y m\u00e1s a\u00f1os de edad que tienen la necesidad y disponibilidad de ofertar m\u00e1s horas de trabajo de lo que su ocupaci\u00f3n actual les permite\u201d.<\/p>\n\n\n\n<p>De acuerdo con la Encuesta Nacional de Ocupaci\u00f3n y Empleo (ENOE), el<strong>&nbsp;subempleo en M\u00e9xico<\/strong>&nbsp;abarca al 9.2% de la poblaci\u00f3n ocupada, lo que significa que 5.2&nbsp;millones de personas trabajadoras se encuentran en esta condici\u00f3n.<\/p>\n\n\n\n<p>En febrero de este a\u00f1o,\u00a0 la subocupaci\u00f3n tuvo un ligero repunte, lo que implic\u00f3 que 118,672 personas se sumaran al subempleo a la par del incremento de la poblaci\u00f3n ocupada y la\u00a0<strong>tasa de desempleo<\/strong>.<\/p>\n\n\n\n<p>El&nbsp;<strong>64% de los subocupados<\/strong>&nbsp;en M\u00e9xico est\u00e1 empleado en las actividades de servicio. Al interior del sector terciario, el comercio, los servicios diversos y los restaurantes abarcan la mitad de las personas subempleadas en este rengl\u00f3n.<\/p>\n\n\n\n<p>Entre la<strong>&nbsp;fuerza laboral<\/strong>&nbsp;en esta condici\u00f3n, el 36% cuenta con educaci\u00f3n media superior o estudios universitarios, el segundo grupo m\u00e1s representado con 35% es el de personas con secundaria.<\/p>\n\n\n\n<p>Aunque el\u00a0<strong>concepto de subempleo<\/strong>\u00a0abarca a toda persona que tiene la necesidad y disponibilidad de ofrecer m\u00e1s horas de trabajo, parad\u00f3jicamente s\u00f3lo el 8% de esta poblaci\u00f3n declara encontrarse en una b\u00fasqueda de empleo adicional\u00a0seg\u00fan el \u00faltimo reporte de la ENOE.<\/p>\n","protected":false},"excerpt":{"rendered":"<p>El&nbsp;subempleo&nbsp;o&nbsp;subocupaci\u00f3n&nbsp;es una condici\u00f3n de trabajo en la que se encuentran las personas que laboran jornadas reducidas y necesitan&nbsp;trabajar m\u00e1s tiempo. La definici\u00f3n oficial del Instituto Nacional de Estad\u00edstica y Geograf\u00eda (Inegi), es que se trata de \u201cpersonas de 15 y m\u00e1s a\u00f1os de edad que tienen la necesidad y disponibilidad de ofertar m\u00e1s horas de [&hellip;]<\/p>\n","protected":false},"author":4,"featured_media":5137,"comment_status":"open","ping_status":"open","sticky":false,"template":"","format":"standard","meta":{"om_disable_all_campaigns":false,"_monsterinsights_skip_tracking":false,"_monsterinsights_sitenote_active":false,"_monsterinsights_sitenote_note":"","_monsterinsights_sitenote_category":0,"footnotes":""},"categories":[176],"tags":[195],"class_list":["post-5136","post","type-post","status-publish","format-standard","has-post-thumbnail","hentry","category-nacional","tag-principal"],"amp_enabled":true,"_links":{"self":[{"href":"https:\/\/lahora.mx\/index.php\/wp-json\/wp\/v2\/posts\/5136","targetHints":{"allow":["GET"]}}],"collection":[{"href":"https:\/\/lahora.mx\/index.php\/wp-json\/wp\/v2\/posts"}],"about":[{"href":"https:\/\/lahora.mx\/index.php\/wp-json\/wp\/v2\/types\/post"}],"author":[{"embeddable":true,"href":"https:\/\/lahora.mx\/index.php\/wp-json\/wp\/v2\/users\/4"}],"replies":[{"embeddable":true,"href":"https:\/\/lahora.mx\/index.php\/wp-json\/wp\/v2\/comments?post=5136"}],"version-history":[{"count":1,"href":"https:\/\/lahora.mx\/index.php\/wp-json\/wp\/v2\/posts\/5136\/revisions"}],"predecessor-version":[{"id":5139,"href":"https:\/\/lahora.mx\/index.php\/wp-json\/wp\/v2\/posts\/5136\/revisions\/5139"}],"wp:featuredmedia":[{"embeddable":true,"href":"https:\/\/lahora.mx\/index.php\/wp-json\/wp\/v2\/media\/5137"}],"wp:attachment":[{"href":"https:\/\/lahora.mx\/index.php\/wp-json\/wp\/v2\/media?parent=5136"}],"wp:term":[{"taxonomy":"category","embeddable":true,"href":"https:\/\/lahora.mx\/index.php\/wp-json\/wp\/v2\/categories?post=5136"},{"taxonomy":"post_tag","embeddable":true,"href":"https:\/\/lahora.mx\/index.php\/wp-json\/wp\/v2\/tags?post=5136"}],"curies":[{"name":"wp","href":"https:\/\/api.w.org\/{rel}","templated":true}]}}