{"id":51339,"date":"2024-08-16T01:04:07","date_gmt":"2024-08-16T01:04:07","guid":{"rendered":"http:\/\/lahora.mx\/?p=51339"},"modified":"2024-08-30T01:08:17","modified_gmt":"2024-08-30T01:08:17","slug":"preside-sergio-salomon-trabajos-de-construccion-de-la-subcomandancia-de-seguridad-del-tramo-carretero-virreyes-tenextatiloyan-teziutlan","status":"publish","type":"post","link":"https:\/\/lahora.mx\/index.php\/2024\/08\/16\/preside-sergio-salomon-trabajos-de-construccion-de-la-subcomandancia-de-seguridad-del-tramo-carretero-virreyes-tenextatiloyan-teziutlan\/","title":{"rendered":"Preside el gobernador Sergio Salom\u00f3n trabajos de construcci\u00f3n de la Subcomandancia de Seguridad del tramo carretero Virreyes-Tenextatiloyan-Teziutl\u00e1n"},"content":{"rendered":"\n<p>Para garantizar la seguridad y fortalecer la respuesta de los cuerpos de emergencia ante cualquier situaci\u00f3n que se registre en esta regi\u00f3n, el gobernador Sergio Salom\u00f3n presidi\u00f3 el inicio de los trabajos de construcci\u00f3n de la Subcomandancia de Seguridad del tramo carretero Virreyes-Tenextatiloyan-Teziutl\u00e1n.<\/p>\n\n\n\n<p>En compa\u00f1\u00eda del alcalde de Tlatlauquitepec, Porfirio Loeza Aguilar, el mandatario record\u00f3 que su administraci\u00f3n ha destinado m\u00e1s de 18 mil millones de pesos para llevar a cabo diversas acciones en los 217 municipios sin distingo alguno. Agreg\u00f3 que hoy la entidad tiene un Ejecutivo estatal cercano y que invierte el recurso p\u00fablico en las verdaderas necesidades de la poblaci\u00f3n.<\/p>\n\n\n\n<p>En su visita a dicho municipio, el gobernador Sergio Salom\u00f3n tambi\u00e9n entreg\u00f3 certificados por la ampliaci\u00f3n del Museo Intercultural Comunitario \u00abErnesto de la Torre Villar\u00bb y de construcci\u00f3n de espacios educativos, as\u00ed como t\u00edtulos de propiedad y beneficios para el bienestar de las familias poblanas.<\/p>\n","protected":false},"excerpt":{"rendered":"<p>Para garantizar la seguridad y fortalecer la respuesta de los cuerpos de emergencia ante cualquier situaci\u00f3n que se registre en esta regi\u00f3n, el gobernador Sergio Salom\u00f3n presidi\u00f3 el inicio de los trabajos de construcci\u00f3n de la Subcomandancia de Seguridad del tramo carretero Virreyes-Tenextatiloyan-Teziutl\u00e1n. En compa\u00f1\u00eda del alcalde de Tlatlauquitepec, Porfirio Loeza Aguilar, el mandatario record\u00f3 [&hellip;]<\/p>\n","protected":false},"author":4,"featured_media":51341,"comment_status":"open","ping_status":"open","sticky":false,"template":"","format":"standard","meta":{"om_disable_all_campaigns":false,"_monsterinsights_skip_tracking":false,"_monsterinsights_sitenote_active":false,"_monsterinsights_sitenote_note":"","_monsterinsights_sitenote_category":0,"footnotes":""},"categories":[175],"tags":[239,223],"class_list":["post-51339","post","type-post","status-publish","format-standard","has-post-thumbnail","hentry","category-local","tag-gobierno","tag-puebla"],"amp_enabled":true,"_links":{"self":[{"href":"https:\/\/lahora.mx\/index.php\/wp-json\/wp\/v2\/posts\/51339","targetHints":{"allow":["GET"]}}],"collection":[{"href":"https:\/\/lahora.mx\/index.php\/wp-json\/wp\/v2\/posts"}],"about":[{"href":"https:\/\/lahora.mx\/index.php\/wp-json\/wp\/v2\/types\/post"}],"author":[{"embeddable":true,"href":"https:\/\/lahora.mx\/index.php\/wp-json\/wp\/v2\/users\/4"}],"replies":[{"embeddable":true,"href":"https:\/\/lahora.mx\/index.php\/wp-json\/wp\/v2\/comments?post=51339"}],"version-history":[{"count":2,"href":"https:\/\/lahora.mx\/index.php\/wp-json\/wp\/v2\/posts\/51339\/revisions"}],"predecessor-version":[{"id":51343,"href":"https:\/\/lahora.mx\/index.php\/wp-json\/wp\/v2\/posts\/51339\/revisions\/51343"}],"wp:featuredmedia":[{"embeddable":true,"href":"https:\/\/lahora.mx\/index.php\/wp-json\/wp\/v2\/media\/51341"}],"wp:attachment":[{"href":"https:\/\/lahora.mx\/index.php\/wp-json\/wp\/v2\/media?parent=51339"}],"wp:term":[{"taxonomy":"category","embeddable":true,"href":"https:\/\/lahora.mx\/index.php\/wp-json\/wp\/v2\/categories?post=51339"},{"taxonomy":"post_tag","embeddable":true,"href":"https:\/\/lahora.mx\/index.php\/wp-json\/wp\/v2\/tags?post=51339"}],"curies":[{"name":"wp","href":"https:\/\/api.w.org\/{rel}","templated":true}]}}