{"id":5128,"date":"2022-04-06T16:17:25","date_gmt":"2022-04-06T16:17:25","guid":{"rendered":"http:\/\/lahora.mx\/?p=5128"},"modified":"2022-04-06T16:17:25","modified_gmt":"2022-04-06T16:17:25","slug":"evaluan-lenguaje-y-matematicas-en-tercero-de-bachillerato","status":"publish","type":"post","link":"https:\/\/lahora.mx\/index.php\/2022\/04\/06\/evaluan-lenguaje-y-matematicas-en-tercero-de-bachillerato\/","title":{"rendered":"Eval\u00faan lenguaje y matem\u00e1ticas en tercero de bachillerato"},"content":{"rendered":"\n<p>Con la finalidad de conocer cu\u00e1l es el dominio de los conocimientos elementales de<strong>&nbsp;estudiantes de tercer grado de bachillerato<\/strong>&nbsp;en el estado, la Secretar\u00eda de Educaci\u00f3n aplica los d\u00edas 5 y 6 de abril la prueba&nbsp;<strong>Plan Nacional para la Evaluaci\u00f3n de los Aprendizajes (PLANEA) 2022.<\/strong><\/p>\n\n\n\n<p>En la muestra participan<strong>&nbsp;45 mil 847 alumnos, correspondientes a mil 450 escuelas,<\/strong>&nbsp;quienes deber\u00e1n contestar una evaluaci\u00f3n escrita de manera presencial, la cual representa una valoraci\u00f3n diagn\u00f3stica de dos campos formativos: lenguaje-comunicaci\u00f3n y matem\u00e1ticas.<\/p>\n\n\n\n<p>El primero incluye los siguientes temas: manejo y construcci\u00f3n de la informaci\u00f3n, redacci\u00f3n de textos argumentativos, expositivos y literarios; el segundo: sentidos num\u00e9rico y algebraico, cambios y relaciones, as\u00ed como forma, espacio y medida.<\/p>\n\n\n\n<p>Los&nbsp;<strong>resultados de la evaluaci\u00f3n no se considerar\u00e1n en la calificaci\u00f3n final de los escolares<\/strong>, y ser\u00e1n analizados por la SEP federal, lo que permitir\u00e1 tomar decisiones para dise\u00f1ar<strong>&nbsp;estrategias que mejoren los procesos de ense\u00f1anza-aprendizaje,&nbsp;<\/strong>mismos que las instituciones educativas deber\u00e1n llevar a cabo en el ciclo escolar 2022-2023.<\/p>\n\n\n\n<p>La aplicaci\u00f3n de la prueba PLANEA fue suspendida en el ciclo escolar 2020-2021 debido a la pandemia; sin embargo, ahora es retomada en coordinaci\u00f3n con la Comisi\u00f3n Nacional para la Mejora Continua de la Educaci\u00f3n (MEJOREDU).<\/p>\n","protected":false},"excerpt":{"rendered":"<p>Con la finalidad de conocer cu\u00e1l es el dominio de los conocimientos elementales de&nbsp;estudiantes de tercer grado de bachillerato&nbsp;en el estado, la Secretar\u00eda de Educaci\u00f3n aplica los d\u00edas 5 y 6 de abril la prueba&nbsp;Plan Nacional para la Evaluaci\u00f3n de los Aprendizajes (PLANEA) 2022. En la muestra participan&nbsp;45 mil 847 alumnos, correspondientes a mil 450 [&hellip;]<\/p>\n","protected":false},"author":4,"featured_media":5129,"comment_status":"open","ping_status":"open","sticky":false,"template":"","format":"standard","meta":{"om_disable_all_campaigns":false,"_monsterinsights_skip_tracking":false,"_monsterinsights_sitenote_active":false,"_monsterinsights_sitenote_note":"","_monsterinsights_sitenote_category":0,"footnotes":""},"categories":[176],"tags":[195],"class_list":["post-5128","post","type-post","status-publish","format-standard","has-post-thumbnail","hentry","category-nacional","tag-principal"],"amp_enabled":true,"_links":{"self":[{"href":"https:\/\/lahora.mx\/index.php\/wp-json\/wp\/v2\/posts\/5128","targetHints":{"allow":["GET"]}}],"collection":[{"href":"https:\/\/lahora.mx\/index.php\/wp-json\/wp\/v2\/posts"}],"about":[{"href":"https:\/\/lahora.mx\/index.php\/wp-json\/wp\/v2\/types\/post"}],"author":[{"embeddable":true,"href":"https:\/\/lahora.mx\/index.php\/wp-json\/wp\/v2\/users\/4"}],"replies":[{"embeddable":true,"href":"https:\/\/lahora.mx\/index.php\/wp-json\/wp\/v2\/comments?post=5128"}],"version-history":[{"count":1,"href":"https:\/\/lahora.mx\/index.php\/wp-json\/wp\/v2\/posts\/5128\/revisions"}],"predecessor-version":[{"id":5130,"href":"https:\/\/lahora.mx\/index.php\/wp-json\/wp\/v2\/posts\/5128\/revisions\/5130"}],"wp:featuredmedia":[{"embeddable":true,"href":"https:\/\/lahora.mx\/index.php\/wp-json\/wp\/v2\/media\/5129"}],"wp:attachment":[{"href":"https:\/\/lahora.mx\/index.php\/wp-json\/wp\/v2\/media?parent=5128"}],"wp:term":[{"taxonomy":"category","embeddable":true,"href":"https:\/\/lahora.mx\/index.php\/wp-json\/wp\/v2\/categories?post=5128"},{"taxonomy":"post_tag","embeddable":true,"href":"https:\/\/lahora.mx\/index.php\/wp-json\/wp\/v2\/tags?post=5128"}],"curies":[{"name":"wp","href":"https:\/\/api.w.org\/{rel}","templated":true}]}}