{"id":51253,"date":"2024-08-29T15:59:20","date_gmt":"2024-08-29T15:59:20","guid":{"rendered":"http:\/\/lahora.mx\/?p=51253"},"modified":"2024-08-29T15:59:21","modified_gmt":"2024-08-29T15:59:21","slug":"tribunal-electoral-valida-mayoria-de-la-4t","status":"publish","type":"post","link":"https:\/\/lahora.mx\/index.php\/2024\/08\/29\/tribunal-electoral-valida-mayoria-de-la-4t\/","title":{"rendered":"Tribunal Electoral valida mayor\u00eda de la 4T"},"content":{"rendered":"\n<p>El Tribunal Electoral del Poder Judicial de la Federaci\u00f3n (TEPJF) valid\u00f3 ayer por la noche la asignaci\u00f3n de diputados plurinominales de Morena, por lo que la mayor\u00eda calificada del partido oficialista ya es una realidad.<\/p>\n\n\n\n<p>Tras varias horas de discusi\u00f3n, los magistrados del Tribunal votaron con 4 votos a favor y uno en contra para rechazar las impugnaciones contra la representaci\u00f3n proporcional del bloque guinda que present\u00f3 la oposici\u00f3n PRI, PAN, PRD y Movimiento Ciudadano (MC).<\/p>\n\n\n\n<p>En total fueron 8 mil 662 impugnaciones que presentaron los partidos opositores y al final fueron desestimados por el TEPJF con la aprobaci\u00f3n del proyecto del magistrado Felipe de la Mata; ahora el bloque de la Cuarta Transformaci\u00f3n tiene dos terceras partes de la C\u00e1mara Baja.<br>Los magistrados que votaron a favor de la resoluci\u00f3n del magistrado De la Mata, adem\u00e1s de \u00e9l mismo, fueron Felipe Alfredo Fuentes Barrera, Reyes Rodr\u00edguez Mondrag\u00f3n y M\u00f3nica Aral\u00ed Soto Fregoso, presidenta del Tribunal Electoral del Poder Judicial de la Federaci\u00f3n.<\/p>\n\n\n\n<p>Morena, con mayor\u00eda calificada en San L\u00e1zaro<br>Tras la aprobaci\u00f3n del INE de la representaci\u00f3n plurinominal y mayor\u00eda relativa de la C\u00e1mara de Diputados, el bloque de Morena y sus aliados, Partido del Trabajo y Partido Verde Ecologista, qued\u00f3 conformado por 236 legisladores.<\/p>\n\n\n\n<p>Esta cantidad representa m\u00e1s de las dos terceras partes de los integrantes de la C\u00e1mara baja, lo que significa que el grupo de la denominada Cuarta Transformaci\u00f3n tiene la mayor\u00eda calificada.<br>Con esto, el bloque podr\u00eda aprobar cualquier reforma constitucional \u2014si todos sus integrantes votan a favor\u2014 a pesar de que los dem\u00e1s miembros de San L\u00e1zaro voten en contra de las iniciativas.<\/p>\n","protected":false},"excerpt":{"rendered":"<p>El Tribunal Electoral del Poder Judicial de la Federaci\u00f3n (TEPJF) valid\u00f3 ayer por la noche la asignaci\u00f3n de diputados plurinominales de Morena, por lo que la mayor\u00eda calificada del partido oficialista ya es una realidad. Tras varias horas de discusi\u00f3n, los magistrados del Tribunal votaron con 4 votos a favor y uno en contra para [&hellip;]<\/p>\n","protected":false},"author":4,"featured_media":51254,"comment_status":"open","ping_status":"open","sticky":false,"template":"","format":"standard","meta":{"om_disable_all_campaigns":false,"_monsterinsights_skip_tracking":false,"_monsterinsights_sitenote_active":false,"_monsterinsights_sitenote_note":"","_monsterinsights_sitenote_category":0,"footnotes":""},"categories":[176],"tags":[128,195],"class_list":["post-51253","post","type-post","status-publish","format-standard","has-post-thumbnail","hentry","category-nacional","tag-politics","tag-principal"],"amp_enabled":true,"_links":{"self":[{"href":"https:\/\/lahora.mx\/index.php\/wp-json\/wp\/v2\/posts\/51253","targetHints":{"allow":["GET"]}}],"collection":[{"href":"https:\/\/lahora.mx\/index.php\/wp-json\/wp\/v2\/posts"}],"about":[{"href":"https:\/\/lahora.mx\/index.php\/wp-json\/wp\/v2\/types\/post"}],"author":[{"embeddable":true,"href":"https:\/\/lahora.mx\/index.php\/wp-json\/wp\/v2\/users\/4"}],"replies":[{"embeddable":true,"href":"https:\/\/lahora.mx\/index.php\/wp-json\/wp\/v2\/comments?post=51253"}],"version-history":[{"count":1,"href":"https:\/\/lahora.mx\/index.php\/wp-json\/wp\/v2\/posts\/51253\/revisions"}],"predecessor-version":[{"id":51255,"href":"https:\/\/lahora.mx\/index.php\/wp-json\/wp\/v2\/posts\/51253\/revisions\/51255"}],"wp:featuredmedia":[{"embeddable":true,"href":"https:\/\/lahora.mx\/index.php\/wp-json\/wp\/v2\/media\/51254"}],"wp:attachment":[{"href":"https:\/\/lahora.mx\/index.php\/wp-json\/wp\/v2\/media?parent=51253"}],"wp:term":[{"taxonomy":"category","embeddable":true,"href":"https:\/\/lahora.mx\/index.php\/wp-json\/wp\/v2\/categories?post=51253"},{"taxonomy":"post_tag","embeddable":true,"href":"https:\/\/lahora.mx\/index.php\/wp-json\/wp\/v2\/tags?post=51253"}],"curies":[{"name":"wp","href":"https:\/\/api.w.org\/{rel}","templated":true}]}}