{"id":51224,"date":"2024-08-28T22:25:46","date_gmt":"2024-08-28T22:25:46","guid":{"rendered":"http:\/\/lahora.mx\/?p=51224"},"modified":"2024-08-28T22:25:46","modified_gmt":"2024-08-28T22:25:46","slug":"limitaran-venta-de-alcohol-en-atlixco-por-fiestas-patrias","status":"publish","type":"post","link":"https:\/\/lahora.mx\/index.php\/2024\/08\/28\/limitaran-venta-de-alcohol-en-atlixco-por-fiestas-patrias\/","title":{"rendered":"Limitar\u00e1n venta de alcohol en Atlixco por Fiestas Patrias"},"content":{"rendered":"\n<p>En el municipio de Atlixco se limitar\u00e1 la venta de alcohol, debido a la celebraci\u00f3n de Fiestas Patrias. Los establecimientos podr\u00e1n ofrecer bebidas embriagantes hasta las 01:00 horas los tres d\u00edas que duren los festejos.<\/p>\n\n\n\n<p>As\u00ed lo asegur\u00f3 en entrevista Erik Ad\u00e1n Carre\u00f3n, director de Industria y Comercio municipal, quien indic\u00f3 que la medida se aplicar\u00e1 en todos los establecimientos del primer cuadro de la ciudad los d\u00edas 14, 15 y 16 de septiembre.<\/p>\n\n\n\n<p>Indic\u00f3 que tambi\u00e9n se trabajar\u00e1 con la Secretar\u00eda de Gobernaci\u00f3n municipal para que la restricci\u00f3n se extienda a las juntas auxiliares. Adem\u00e1s, pedir\u00e1n que la venta de alcohol se haga en envases pl\u00e1sticos.<\/p>\n\n\n\n<p>\u201cTenemos una restricci\u00f3n que se dar\u00e1 a conocer a todos los establecimientos del primer cuadro de la ciudad (\u2026) para que la venta de bebidas alcoh\u00f3licas, lo que es el 14, 15 y 16, se haga estrictamente hasta la una de la ma\u00f1ana y (\u2026) se evite la venta de cerveza o alcohol en botellas de cristal\u201d, indic\u00f3.<\/p>\n\n\n\n<p>Ad\u00e1n Carre\u00f3n a\u00f1adi\u00f3 que, en esta temporada, algunos comerciantes se instalar\u00e1n sobre la Avenida Independencia para ofrecer art\u00edculos alusivos a la celebraci\u00f3n. Estos puestos operar\u00e1n en un horario de 08:00 a 20:00 horas.<\/p>\n\n\n\n<p>Record\u00f3 que entre las actividades patrias que se realizar\u00e1n en Atlixco se encuentra la tradicional cabalgata inaugural, el Grito de Independencia y el desfile c\u00edvico-militar, por lo que llam\u00f3 a los asistentes a mantener un ambiente de orden, a fin de garantizar \u201cun espacio seguro para todas las familias\u201d.<\/p>\n","protected":false},"excerpt":{"rendered":"<p>En el municipio de Atlixco se limitar\u00e1 la venta de alcohol, debido a la celebraci\u00f3n de Fiestas Patrias. Los establecimientos podr\u00e1n ofrecer bebidas embriagantes hasta las 01:00 horas los tres d\u00edas que duren los festejos. As\u00ed lo asegur\u00f3 en entrevista Erik Ad\u00e1n Carre\u00f3n, director de Industria y Comercio municipal, quien indic\u00f3 que la medida se [&hellip;]<\/p>\n","protected":false},"author":4,"featured_media":51225,"comment_status":"open","ping_status":"open","sticky":false,"template":"","format":"standard","meta":{"om_disable_all_campaigns":false,"_monsterinsights_skip_tracking":false,"_monsterinsights_sitenote_active":false,"_monsterinsights_sitenote_note":"","_monsterinsights_sitenote_category":0,"footnotes":""},"categories":[175],"tags":[],"class_list":["post-51224","post","type-post","status-publish","format-standard","has-post-thumbnail","hentry","category-local"],"amp_enabled":true,"_links":{"self":[{"href":"https:\/\/lahora.mx\/index.php\/wp-json\/wp\/v2\/posts\/51224","targetHints":{"allow":["GET"]}}],"collection":[{"href":"https:\/\/lahora.mx\/index.php\/wp-json\/wp\/v2\/posts"}],"about":[{"href":"https:\/\/lahora.mx\/index.php\/wp-json\/wp\/v2\/types\/post"}],"author":[{"embeddable":true,"href":"https:\/\/lahora.mx\/index.php\/wp-json\/wp\/v2\/users\/4"}],"replies":[{"embeddable":true,"href":"https:\/\/lahora.mx\/index.php\/wp-json\/wp\/v2\/comments?post=51224"}],"version-history":[{"count":1,"href":"https:\/\/lahora.mx\/index.php\/wp-json\/wp\/v2\/posts\/51224\/revisions"}],"predecessor-version":[{"id":51226,"href":"https:\/\/lahora.mx\/index.php\/wp-json\/wp\/v2\/posts\/51224\/revisions\/51226"}],"wp:featuredmedia":[{"embeddable":true,"href":"https:\/\/lahora.mx\/index.php\/wp-json\/wp\/v2\/media\/51225"}],"wp:attachment":[{"href":"https:\/\/lahora.mx\/index.php\/wp-json\/wp\/v2\/media?parent=51224"}],"wp:term":[{"taxonomy":"category","embeddable":true,"href":"https:\/\/lahora.mx\/index.php\/wp-json\/wp\/v2\/categories?post=51224"},{"taxonomy":"post_tag","embeddable":true,"href":"https:\/\/lahora.mx\/index.php\/wp-json\/wp\/v2\/tags?post=51224"}],"curies":[{"name":"wp","href":"https:\/\/api.w.org\/{rel}","templated":true}]}}