{"id":51221,"date":"2024-08-28T22:17:29","date_gmt":"2024-08-28T22:17:29","guid":{"rendered":"http:\/\/lahora.mx\/?p=51221"},"modified":"2024-08-28T22:24:06","modified_gmt":"2024-08-28T22:24:06","slug":"el-gobernador-sergio-salomon-reforzara-seguridad-en-carreteras-tras-secuestro-expres-de-blanca-alcala","status":"publish","type":"post","link":"https:\/\/lahora.mx\/index.php\/2024\/08\/28\/el-gobernador-sergio-salomon-reforzara-seguridad-en-carreteras-tras-secuestro-expres-de-blanca-alcala\/","title":{"rendered":"El gobernador Sergio Salom\u00f3n reforzar\u00e1 seguridad en carreteras tras secuestro expr\u00e9s de Blanca Alcal\u00e1"},"content":{"rendered":"\n<p>El gobernador Sergio Salom\u00f3n C\u00e9spedes expres\u00f3 su solidaridad con Blanca Alcal\u00e1 tras el secuestro expr\u00e9s que sufri\u00f3 en la autopista y asegur\u00f3 que se reforzar\u00e1 la seguridad en carreteras para evitar este tipo de incidentes.<\/p>\n\n\n\n<p>En entrevista, C\u00e9spedes Peregrina dijo que tras darse a conocer el hecho es lamentable lo que le sucedi\u00f3 y extern\u00f3 su solidaridad.<\/p>\n\n\n\n<p>Sin embargo, el mandatario estatal precis\u00f3 que se apuesta todos los d\u00edas para cubrir la seguridad de todos los \u00e1mbitos y d\u00eda con d\u00eda se tienen investigaciones, detenciones y aseguramientos.<\/p>\n\n\n\n<p>Asimismo, Salom\u00f3n C\u00e9spedes asegur\u00f3 que no existe otro tipo de represalia contra la Blanca Alcal\u00e1 ras denunciar este asalto y secuestro expr\u00e9s del que fue v\u00edctima.<\/p>\n\n\n\n<p>\u201cEs algo muy lamentable, es algo que no debe de suceder. Tenemos que apostar todos al cubrir la seguridad en todos lados, y esperemos que no tenga ning\u00fan otro tipo de consecuencias. Nos solidarizamos con ella y lamentamos lo que sucedi\u00f3\u201d.<\/p>\n\n\n\n<p>Blanca Alcal\u00e1 es v\u00edctima de secuestro expr\u00e9s y robo en la autopista M\u00e9xico-Puebla<\/p>\n\n\n\n<p>La diputada federal, Blanca Alcal\u00e1, confirm\u00f3 que fue v\u00edctima de secuestro expr\u00e9s y robo cuando circulaba sobre la autopista M\u00e9xico-Puebla, asegurando que, pese a encontrase a salvo, se siente intranquila tras ser v\u00edctima de este delito en el que le sustrajeron todo lo que ten\u00eda en sus tarjetas bancarias.<\/p>\n\n\n\n<p>Todo ocurri\u00f3 durante la madrugada del martes 27 de agosto cuando Blanca Alcal\u00e1 Ru\u00edz se dirig\u00eda de regreso a la capital poblana tras haber estado en la Ciudad de M\u00e9xico; con ella, iba uno de sus colaboradores, quien tambi\u00e9n fue v\u00edctima del doble delito. De acuerdo a lo comentado por Alcal\u00e1 Ru\u00edz, al llegar a la altura de Chalco, una de sus llantas se ponch\u00f3, por lo que, la persona que iba con ella decidi\u00f3 bajarse del veh\u00edculo para revisar los neum\u00e1ticos.<\/p>\n\n\n\n<p>Sin embargo, fue en ese momento que, estaban siendo cazados por un grupo de criminales armados, quienes esperaron el momento exacto para someterlos y llev\u00e1rselos secuestrados.<\/p>\n\n\n\n<p>Los delincuentes, mantuvieron en cautiverio a la legisladora y a su colaborador durante varias horas en una zona solitaria, en donde tambi\u00e9n se encontraban otras personas v\u00edctimas de secuestro expr\u00e9s. Supuestamente, los criminales les exigieron sus pertenencias a la diputada y a su acompa\u00f1ante.<\/p>\n","protected":false},"excerpt":{"rendered":"<p>El gobernador Sergio Salom\u00f3n C\u00e9spedes expres\u00f3 su solidaridad con Blanca Alcal\u00e1 tras el secuestro expr\u00e9s que sufri\u00f3 en la autopista y asegur\u00f3 que se reforzar\u00e1 la seguridad en carreteras para evitar este tipo de incidentes. En entrevista, C\u00e9spedes Peregrina dijo que tras darse a conocer el hecho es lamentable lo que le sucedi\u00f3 y extern\u00f3 [&hellip;]<\/p>\n","protected":false},"author":4,"featured_media":51222,"comment_status":"open","ping_status":"open","sticky":false,"template":"","format":"standard","meta":{"om_disable_all_campaigns":false,"_monsterinsights_skip_tracking":false,"_monsterinsights_sitenote_active":false,"_monsterinsights_sitenote_note":"","_monsterinsights_sitenote_category":0,"footnotes":""},"categories":[175],"tags":[239,223],"class_list":["post-51221","post","type-post","status-publish","format-standard","has-post-thumbnail","hentry","category-local","tag-gobierno","tag-puebla"],"amp_enabled":true,"_links":{"self":[{"href":"https:\/\/lahora.mx\/index.php\/wp-json\/wp\/v2\/posts\/51221","targetHints":{"allow":["GET"]}}],"collection":[{"href":"https:\/\/lahora.mx\/index.php\/wp-json\/wp\/v2\/posts"}],"about":[{"href":"https:\/\/lahora.mx\/index.php\/wp-json\/wp\/v2\/types\/post"}],"author":[{"embeddable":true,"href":"https:\/\/lahora.mx\/index.php\/wp-json\/wp\/v2\/users\/4"}],"replies":[{"embeddable":true,"href":"https:\/\/lahora.mx\/index.php\/wp-json\/wp\/v2\/comments?post=51221"}],"version-history":[{"count":1,"href":"https:\/\/lahora.mx\/index.php\/wp-json\/wp\/v2\/posts\/51221\/revisions"}],"predecessor-version":[{"id":51223,"href":"https:\/\/lahora.mx\/index.php\/wp-json\/wp\/v2\/posts\/51221\/revisions\/51223"}],"wp:featuredmedia":[{"embeddable":true,"href":"https:\/\/lahora.mx\/index.php\/wp-json\/wp\/v2\/media\/51222"}],"wp:attachment":[{"href":"https:\/\/lahora.mx\/index.php\/wp-json\/wp\/v2\/media?parent=51221"}],"wp:term":[{"taxonomy":"category","embeddable":true,"href":"https:\/\/lahora.mx\/index.php\/wp-json\/wp\/v2\/categories?post=51221"},{"taxonomy":"post_tag","embeddable":true,"href":"https:\/\/lahora.mx\/index.php\/wp-json\/wp\/v2\/tags?post=51221"}],"curies":[{"name":"wp","href":"https:\/\/api.w.org\/{rel}","templated":true}]}}