{"id":51217,"date":"2024-08-28T20:02:30","date_gmt":"2024-08-28T20:02:30","guid":{"rendered":"http:\/\/lahora.mx\/?p=51217"},"modified":"2024-08-28T20:07:44","modified_gmt":"2024-08-28T20:07:44","slug":"araceli-saucedo-y-jose-sabino-dejan-al-prd-y-se-suman-a-morena-en-el-senado","status":"publish","type":"post","link":"https:\/\/lahora.mx\/index.php\/2024\/08\/28\/araceli-saucedo-y-jose-sabino-dejan-al-prd-y-se-suman-a-morena-en-el-senado\/","title":{"rendered":"Araceli Saucedo y Jos\u00e9 Sabino dejan al PRD y se suman a Morena en el Senado"},"content":{"rendered":"\n<p>Esta ma\u00f1ana se dio a conocer que un movimiento pol\u00edtico significativo, donde dos integrantes del Partido de la Revoluci\u00f3n Democr\u00e1tica (PRD), Araceli Saucedo y Jos\u00e9 Sabino Herrera fueron presentados oficialmente como parte del grupo parlamentario del Movimiento de Regeneraci\u00f3n Nacional (Morena) en el Senado de la Rep\u00fablica.<\/p>\n\n\n\n<p>De acuerdo a diversas fuentes, entre ellas la colaboradora de Exc\u00e9lsior, Leticia Robles, mediante sus redes sociales, explic\u00f3 que el anuncio se realiz\u00f3 durante una reuni\u00f3n en un hotel al sur de la Ciudad de M\u00e9xico, donde se congregaron miembros de Morena.<\/p>\n\n\n\n<p>El impacto de esta decisi\u00f3n dentro del panorama pol\u00edtico es crucial y ahora s\u00f3lo le restar\u00e1 a la 4T un voto para tener la mayor\u00eda calificada en el Senado con lo que el movimiento se estar\u00eda consolidando en el contexto nacional.<\/p>\n\n\n\n<p>Aunado a lo anterior, el titular de Primera Emisi\u00f3n en Imagen Radio, Pascal Beltr\u00e1n del R\u00edo, enlaz\u00f3 v\u00eda telef\u00f3nica a la periodista Leticia Robles, quien de viva voz habl\u00f3 sobre los recientes nombramientos y el panorama que prevalece para Morena en el Senado.<\/p>\n\n\n\n<p>En este contexto, Robles reiter\u00f3 que el partido del poder est\u00e1 a un voto solamente de obtener la mayor\u00eda calificada, lo que le dar\u00eda el poder absoluto para dar luz verde a las iniciativas que el ejecutivo postule en su momento.<\/p>\n\n\n\n<p>Adem\u00e1s, se destac\u00f3 que desde 1997 ning\u00fan partido pol\u00edtico hab\u00eda obtenido la mayor\u00eda calificada, por lo que este 2024 puede ser hist\u00f3rico al estar cerca de consumarse. Sobre quien podr\u00e1 aportar el voto que falta, la periodista explic\u00f3 que ha corrido el rumor de que puede venir de parte del Partido Revolucionario Institucional (PRI).<\/p>\n\n\n\n<p>Seg\u00fan se habl\u00f3 en el enlace, podr\u00eda no s\u00f3lo ser uno sino dos votos lo que obtenga Morena para consumar su mayor\u00eda en las pr\u00f3ximas horas, sin embargo, la reportera aclar\u00f3 que esto a\u00fan no se ha confirmado.<\/p>\n","protected":false},"excerpt":{"rendered":"<p>Esta ma\u00f1ana se dio a conocer que un movimiento pol\u00edtico significativo, donde dos integrantes del Partido de la Revoluci\u00f3n Democr\u00e1tica (PRD), Araceli Saucedo y Jos\u00e9 Sabino Herrera fueron presentados oficialmente como parte del grupo parlamentario del Movimiento de Regeneraci\u00f3n Nacional (Morena) en el Senado de la Rep\u00fablica. De acuerdo a diversas fuentes, entre ellas la [&hellip;]<\/p>\n","protected":false},"author":4,"featured_media":51218,"comment_status":"open","ping_status":"open","sticky":false,"template":"","format":"standard","meta":{"om_disable_all_campaigns":false,"_monsterinsights_skip_tracking":false,"_monsterinsights_sitenote_active":false,"_monsterinsights_sitenote_note":"","_monsterinsights_sitenote_category":0,"footnotes":""},"categories":[175,5],"tags":[],"class_list":["post-51217","post","type-post","status-publish","format-standard","has-post-thumbnail","hentry","category-local","category-politica"],"amp_enabled":true,"_links":{"self":[{"href":"https:\/\/lahora.mx\/index.php\/wp-json\/wp\/v2\/posts\/51217","targetHints":{"allow":["GET"]}}],"collection":[{"href":"https:\/\/lahora.mx\/index.php\/wp-json\/wp\/v2\/posts"}],"about":[{"href":"https:\/\/lahora.mx\/index.php\/wp-json\/wp\/v2\/types\/post"}],"author":[{"embeddable":true,"href":"https:\/\/lahora.mx\/index.php\/wp-json\/wp\/v2\/users\/4"}],"replies":[{"embeddable":true,"href":"https:\/\/lahora.mx\/index.php\/wp-json\/wp\/v2\/comments?post=51217"}],"version-history":[{"count":2,"href":"https:\/\/lahora.mx\/index.php\/wp-json\/wp\/v2\/posts\/51217\/revisions"}],"predecessor-version":[{"id":51220,"href":"https:\/\/lahora.mx\/index.php\/wp-json\/wp\/v2\/posts\/51217\/revisions\/51220"}],"wp:featuredmedia":[{"embeddable":true,"href":"https:\/\/lahora.mx\/index.php\/wp-json\/wp\/v2\/media\/51218"}],"wp:attachment":[{"href":"https:\/\/lahora.mx\/index.php\/wp-json\/wp\/v2\/media?parent=51217"}],"wp:term":[{"taxonomy":"category","embeddable":true,"href":"https:\/\/lahora.mx\/index.php\/wp-json\/wp\/v2\/categories?post=51217"},{"taxonomy":"post_tag","embeddable":true,"href":"https:\/\/lahora.mx\/index.php\/wp-json\/wp\/v2\/tags?post=51217"}],"curies":[{"name":"wp","href":"https:\/\/api.w.org\/{rel}","templated":true}]}}