{"id":51214,"date":"2024-08-28T19:51:34","date_gmt":"2024-08-28T19:51:34","guid":{"rendered":"http:\/\/lahora.mx\/?p=51214"},"modified":"2024-08-28T19:51:34","modified_gmt":"2024-08-28T19:51:34","slug":"anuncian-cierres-intermitentes-en-la-via-atlixcayotl","status":"publish","type":"post","link":"https:\/\/lahora.mx\/index.php\/2024\/08\/28\/anuncian-cierres-intermitentes-en-la-via-atlixcayotl\/","title":{"rendered":"Anuncian cierres intermitentes en la V\u00eda Atlixc\u00e1yotl"},"content":{"rendered":"\n<p>En los siguientes d\u00edas habr\u00e1 cierres intermitentes en la V\u00eda Atlixc\u00e1yotl a causa de los trabajos de construcci\u00f3n que empezaron hace unas semanas. El Gobierno del Estado de Puebla exhort\u00f3 a las y los conductores a tomar rutas alternas y de ser necesario, deben circular con precauci\u00f3n y seguir las instrucciones marcadas en la se\u00f1alizaci\u00f3n.<\/p>\n\n\n\n<p>El corte a la circulaci\u00f3n de veh\u00edculos iniciar\u00e1 desde las 10 de la ma\u00f1ana del pasado martes 27 de agosto hasta las 20 horas del pr\u00f3ximo mi\u00e9rcoles 4 de septiembre, por esa raz\u00f3n, es indispensable que los ciudadanos tomen en cuenta esta informaci\u00f3n para salir a tiempo de su domicilio y no tener problemas para llegar a su trabajo o escuela.<\/p>\n\n\n\n<p>La Secretar\u00eda de Movilidad de Transporte, al igual que la Secretar\u00eda de Infraestructura, indicaron que el cierre se podr\u00e1 encontrar en el carril central derecho y lateral izquierdo de la V\u00eda Atlixc\u00e1yotl en direcci\u00f3n a Atlixco; a la altura del Centro Integral de Servicios (CIS) de Angel\u00f3polis, adem\u00e1s de que ualquier cambio ser\u00e1 anunciado por medio de sus redes sociales.<br>\u00bfPor qu\u00e9 habr\u00e1 cierres?<br>Tiempo atr\u00e1s, las autoridades estatales mencionaron que van a realizar dos obras dentro de la zona de Angel\u00f3polis que tienen el objetivo de mejorar la circulaci\u00f3n, adem\u00e1s, buscan disminuir los tiempos de traslado.<\/p>\n\n\n\n<p>Uno de estos proyectos ser\u00e1 un viaducto elevado que construir\u00e1n entre la V\u00eda Atlixc\u00e1yotl y la Osa Mayor; en total tendr\u00e1 29 columnas y una extensi\u00f3n de 280 metros, con el que se pretende descongestionar este tramo.<\/p>\n\n\n\n<p>A trav\u00e9s de un comunicado, se explic\u00f3 que los autom\u00f3viles podr\u00e1n incorporarse a la altura del Hospital Puebla para avanzar frente al CIS hasta retomar su recorrido y bajarse frente al centro comercial Solesta, junto a City Market.<br>Esta vialidad tendr\u00e1 el sentido oriente-poniente de la Osar Mayor y se revel\u00f3 que se podr\u00e1 usar en noviembre de este a\u00f1o. En cuanto al resto de obras, es probable que en los pr\u00f3ximos d\u00edas anuncien nuevos bloqueos.<\/p>\n\n\n\n<p>El Gobierno del Estado se\u00f1al\u00f3 que se puede tomar la Atlixc\u00e1yotl con sentido al centro de la ciudad de Puebla, as\u00ed como el Bulevar del Ni\u00f1o Poblano en caso de que se quiera ir al Hospital, el Jard\u00edn del Arte o la Universidad Iberoamericana.<\/p>\n","protected":false},"excerpt":{"rendered":"<p>En los siguientes d\u00edas habr\u00e1 cierres intermitentes en la V\u00eda Atlixc\u00e1yotl a causa de los trabajos de construcci\u00f3n que empezaron hace unas semanas. El Gobierno del Estado de Puebla exhort\u00f3 a las y los conductores a tomar rutas alternas y de ser necesario, deben circular con precauci\u00f3n y seguir las instrucciones marcadas en la se\u00f1alizaci\u00f3n. [&hellip;]<\/p>\n","protected":false},"author":4,"featured_media":51215,"comment_status":"open","ping_status":"open","sticky":false,"template":"","format":"standard","meta":{"om_disable_all_campaigns":false,"_monsterinsights_skip_tracking":false,"_monsterinsights_sitenote_active":false,"_monsterinsights_sitenote_note":"","_monsterinsights_sitenote_category":0,"footnotes":""},"categories":[175],"tags":[195,223],"class_list":["post-51214","post","type-post","status-publish","format-standard","has-post-thumbnail","hentry","category-local","tag-principal","tag-puebla"],"amp_enabled":true,"_links":{"self":[{"href":"https:\/\/lahora.mx\/index.php\/wp-json\/wp\/v2\/posts\/51214","targetHints":{"allow":["GET"]}}],"collection":[{"href":"https:\/\/lahora.mx\/index.php\/wp-json\/wp\/v2\/posts"}],"about":[{"href":"https:\/\/lahora.mx\/index.php\/wp-json\/wp\/v2\/types\/post"}],"author":[{"embeddable":true,"href":"https:\/\/lahora.mx\/index.php\/wp-json\/wp\/v2\/users\/4"}],"replies":[{"embeddable":true,"href":"https:\/\/lahora.mx\/index.php\/wp-json\/wp\/v2\/comments?post=51214"}],"version-history":[{"count":1,"href":"https:\/\/lahora.mx\/index.php\/wp-json\/wp\/v2\/posts\/51214\/revisions"}],"predecessor-version":[{"id":51216,"href":"https:\/\/lahora.mx\/index.php\/wp-json\/wp\/v2\/posts\/51214\/revisions\/51216"}],"wp:featuredmedia":[{"embeddable":true,"href":"https:\/\/lahora.mx\/index.php\/wp-json\/wp\/v2\/media\/51215"}],"wp:attachment":[{"href":"https:\/\/lahora.mx\/index.php\/wp-json\/wp\/v2\/media?parent=51214"}],"wp:term":[{"taxonomy":"category","embeddable":true,"href":"https:\/\/lahora.mx\/index.php\/wp-json\/wp\/v2\/categories?post=51214"},{"taxonomy":"post_tag","embeddable":true,"href":"https:\/\/lahora.mx\/index.php\/wp-json\/wp\/v2\/tags?post=51214"}],"curies":[{"name":"wp","href":"https:\/\/api.w.org\/{rel}","templated":true}]}}