{"id":51208,"date":"2024-08-28T16:44:55","date_gmt":"2024-08-28T16:44:55","guid":{"rendered":"http:\/\/lahora.mx\/?p=51208"},"modified":"2024-08-28T16:44:55","modified_gmt":"2024-08-28T16:44:55","slug":"agresor-de-olimpia-coral-es-vinculado-a-proceso","status":"publish","type":"post","link":"https:\/\/lahora.mx\/index.php\/2024\/08\/28\/agresor-de-olimpia-coral-es-vinculado-a-proceso\/","title":{"rendered":"Agresor de Olimpia Coral  es vinculado a proceso"},"content":{"rendered":"\n<p>Por delitos como ultrajes a la moral, da\u00f1o en propiedad y lesiones dolosas, un juez termin\u00f3 vinculando a proceso a Israel N., agresor de la activista Olimpia Coral Melo cuando visit\u00f3 Huehuetla; despu\u00e9s de que el sujeto fuera reaprehendido, ahora se encuentra tras las rejas.<\/p>\n\n\n\n<p>La autoridad judicial decidi\u00f3 imponerle la medida cautelar de prisi\u00f3n preventiva justificada, es decir, que hasta que su proceso se resuelva estar\u00e1 en la c\u00e1rcel, as\u00ed lo inform\u00f3 la activista poblana e impulsora de la Ley Olimpia.<\/p>\n\n\n\n<p>\u201cGracias al acompa\u00f1amiento del abogado Uldis Mena y a las y los abogados de la Fiscal\u00eda de Puebla. Llevar un proceso jur\u00eddico no es algo f\u00e1cil. Claro que da miedo. Claro que no quisi\u00e9ramos enfrentarnos a esto, ni que este ataque nos hubiera pasado. Claro que se dan todos los cuestionamientos para enfrentarte con tu agresor. Pero seguimos, por las decenas de compa\u00f1eras que no pudieron hacerlo\u201d, escribi\u00f3 Olimpia Coral en su cuenta de X.<\/p>\n\n\n\n<p>Reaprehenden a Israel N., cuatro meses despu\u00e9s de la agresi\u00f3n a Olimpia Coral<br>Hay que recordar que la reaprehensi\u00f3n de Israel N., se dio cuatro meses despu\u00e9s de la agresi\u00f3n que sufri\u00f3 Olimpia Coral y sus dos compa\u00f1eras de trabajo en Huehuetla, municipio que visitaron en abril debido a que la activista dar\u00eda una conferencia en una universidad sobre la violencia digital, cuando fueron v\u00edctimas de este hecho.<\/p>\n\n\n\n<p>El sujeto amenaz\u00f3 de muerte tanto a la activista como a sus compa\u00f1eras, hecho que Olimpia Coral document\u00f3 con transmisiones en vivo a trav\u00e9s de su p\u00e1gina de Facebook.<br>Israel N., es el mismo que la polic\u00eda de Huehuetla detuvo el pasado 11 de abril, d\u00eda de la agresi\u00f3n, sin embargo, fue liberado debido a que su defensa interpuso un amparo y adem\u00e1s, en vez de remitirlo por las agresiones en contra de Olimpia Coral y sus dos compa\u00f1eras, s\u00f3lo le interpusieron una falta administrativa, lo que provoc\u00f3 indignaci\u00f3n en redes sociales.<\/p>\n","protected":false},"excerpt":{"rendered":"<p>Por delitos como ultrajes a la moral, da\u00f1o en propiedad y lesiones dolosas, un juez termin\u00f3 vinculando a proceso a Israel N., agresor de la activista Olimpia Coral Melo cuando visit\u00f3 Huehuetla; despu\u00e9s de que el sujeto fuera reaprehendido, ahora se encuentra tras las rejas. La autoridad judicial decidi\u00f3 imponerle la medida cautelar de prisi\u00f3n [&hellip;]<\/p>\n","protected":false},"author":4,"featured_media":51209,"comment_status":"open","ping_status":"open","sticky":false,"template":"","format":"standard","meta":{"om_disable_all_campaigns":false,"_monsterinsights_skip_tracking":false,"_monsterinsights_sitenote_active":false,"_monsterinsights_sitenote_note":"","_monsterinsights_sitenote_category":0,"footnotes":""},"categories":[175,226],"tags":[223],"class_list":["post-51208","post","type-post","status-publish","format-standard","has-post-thumbnail","hentry","category-local","category-policia","tag-puebla"],"amp_enabled":true,"_links":{"self":[{"href":"https:\/\/lahora.mx\/index.php\/wp-json\/wp\/v2\/posts\/51208","targetHints":{"allow":["GET"]}}],"collection":[{"href":"https:\/\/lahora.mx\/index.php\/wp-json\/wp\/v2\/posts"}],"about":[{"href":"https:\/\/lahora.mx\/index.php\/wp-json\/wp\/v2\/types\/post"}],"author":[{"embeddable":true,"href":"https:\/\/lahora.mx\/index.php\/wp-json\/wp\/v2\/users\/4"}],"replies":[{"embeddable":true,"href":"https:\/\/lahora.mx\/index.php\/wp-json\/wp\/v2\/comments?post=51208"}],"version-history":[{"count":1,"href":"https:\/\/lahora.mx\/index.php\/wp-json\/wp\/v2\/posts\/51208\/revisions"}],"predecessor-version":[{"id":51210,"href":"https:\/\/lahora.mx\/index.php\/wp-json\/wp\/v2\/posts\/51208\/revisions\/51210"}],"wp:featuredmedia":[{"embeddable":true,"href":"https:\/\/lahora.mx\/index.php\/wp-json\/wp\/v2\/media\/51209"}],"wp:attachment":[{"href":"https:\/\/lahora.mx\/index.php\/wp-json\/wp\/v2\/media?parent=51208"}],"wp:term":[{"taxonomy":"category","embeddable":true,"href":"https:\/\/lahora.mx\/index.php\/wp-json\/wp\/v2\/categories?post=51208"},{"taxonomy":"post_tag","embeddable":true,"href":"https:\/\/lahora.mx\/index.php\/wp-json\/wp\/v2\/tags?post=51208"}],"curies":[{"name":"wp","href":"https:\/\/api.w.org\/{rel}","templated":true}]}}