{"id":51194,"date":"2024-08-27T13:49:50","date_gmt":"2024-08-27T13:49:50","guid":{"rendered":"http:\/\/lahora.mx\/?p=51194"},"modified":"2024-08-28T14:06:13","modified_gmt":"2024-08-28T14:06:13","slug":"blanca-alcala-es-victima-de-secuestro-expres-en-chalco-edomex","status":"publish","type":"post","link":"https:\/\/lahora.mx\/index.php\/2024\/08\/27\/blanca-alcala-es-victima-de-secuestro-expres-en-chalco-edomex\/","title":{"rendered":"Blanca Alcal\u00e1 es v\u00edctima de secuestro expr\u00e9s en Chalco, Edomex"},"content":{"rendered":"\n<p>La diputada federal priista Blanca Alcal\u00e1 Ruiz fue v\u00edctima de un secuestro expr\u00e9s en la autopista M\u00e9xico-Puebla a la altura del municipio de Chalco, en el Estado de M\u00e9xico.<br>Seg\u00fan informaci\u00f3n de la Fiscal\u00eda General del Estado de Puebla los hechos ocurrieron cuando regresaba a la capital del estado procedente de la Ciudad de M\u00e9xico.<\/p>\n\n\n\n<p>El grupo delictivo que opera en la zona coloc\u00f3 ponchallantas sobre la cinta asf\u00e1ltica. Luego de ponchar los neum\u00e1ticos de la camioneta en que viajaba la diputada federal del PRI su chofer baj\u00f3 a revisarlas.<\/p>\n\n\n\n<p>Cuando el chofer se dispon\u00eda a cambiar una de las llantas, un grupo armado lleg\u00f3 y la baj\u00f3 de la camioneta. Los hombres armados amagaron tanto al chofer como a la diputada federal, y los condujeron a un predio contiguo a la autopista M\u00e9xico-Puebla en la misma zona de Chalco.<\/p>\n\n\n\n<p>En el terreno de Chalco, donde dejaron a Blanca Alcal\u00e1 y a su chofer, hab\u00eda m\u00e1s personas, tambi\u00e9n v\u00edctimas de secuestro expr\u00e9s.<\/p>\n\n\n\n<p>A la diputada federal le exigieron el dinero y las tarjetas de cr\u00e9dito y d\u00e9bito que llevaba. Adem\u00e1s, les quitaron sus tel\u00e9fonos celulares a ella y a su chofer.<\/p>\n\n\n\n<p>Despu\u00e9s de varias horas retenida, el grupo delictivo revis\u00f3 sus credenciales y not\u00f3 que era una diputada federal. Por lo cual, la sacaron a ella y a su chofer del predio y los dejaron en libertad.<\/p>\n\n\n\n<p>Alrededor de la 1:00 de la madrugada sus familiares ya buscaban a Blanca Alcal\u00e1 debido a que no pod\u00edan contactarla y tampoco a su chofer.<\/p>\n\n\n\n<p>Seg\u00fan fuentes cercanas a la diputada federal, la localizaron horas despu\u00e9s cuando ella pudo contactar a sus familiares.<\/p>\n\n\n\n<p>Para la madrugada de este martes 27 de agosto ya se encontraba con su familia. Aunque hasta el momento se encuentra muy alterada y afectada por la situaci\u00f3n que vivi\u00f3.<\/p>\n\n\n\n<p>El PRI reprueba lo sucedido a Blanca Alcal\u00e1<br>A trav\u00e9s de su cuenta oficial en X, el Partido Revolucionario Institucional (PRI) reprob\u00f3 los hechos de los que fue v\u00edctima la diputada federal en la autopista M\u00e9xico-Puebla.<\/p>\n\n\n\n<p>Adem\u00e1s exigieron a las autoridades federales, estatales y municipales reforzar la seguridad en esta zona, debido a que es un \u201cfoco rojo\u201d por los constantes atracos.<\/p>\n\n\n\n<p>Blanca Alcal\u00e1 es v\u00edctima de secuestro expr\u00e9s en Chalco, Edomex; la liberan tras vaciar sus tarjetas<br>Publicaci\u00f3n en X del Partido Revolucionario Institucional. <br>En la misma zona, asaltaron a dos activistas<br>En esta misma zona, el activista Tuss Fern\u00e1ndez y Mayt\u00e9 Rivera, militantes de Morena, fueron v\u00edctimas de un asalto similar en la autopista M\u00e9xico-Puebla.<\/p>\n\n\n\n<p>Los hechos ocurrieron el viernes 23 de febrero, a la altura del kil\u00f3metro 39, en los l\u00edmites de Chalco e Ixtapaluca, Estado de M\u00e9xico.<\/p>\n\n\n\n<p>Blanca Alcal\u00e1 agradece muestras de solidaridad<br>Mediante un comunicado que la diputada federal del Partido Revolucionario Institucional, Blanca Alcal\u00e1, public\u00f3 en redes sociales, inform\u00f3 que se encontraba bien despu\u00e9s de los hechos violentos que la afectaron.<\/p>\n\n\n\n<p>Adem\u00e1s, confirm\u00f3 que tanto ella como su colaborador se encuentran bien. Sin embargo, asegur\u00f3 que le \u201cllena de preocupaci\u00f3n\u201d que este tipo de hechos son un s\u00edntoma de la realidad del pa\u00eds.<\/p>\n\n\n\n<p>Tambi\u00e9n, se mostr\u00f3 agradecida por todas las muestras de apoyo, solidaridad y preocupaci\u00f3n que recibi\u00f3 tras la publicaci\u00f3n de P\u00c1GINA NEGRA sobre el secuestro expr\u00e9s que sufri\u00f3.<\/p>\n\n\n\n<p><\/p>\n","protected":false},"excerpt":{"rendered":"<p>La diputada federal priista Blanca Alcal\u00e1 Ruiz fue v\u00edctima de un secuestro expr\u00e9s en la autopista M\u00e9xico-Puebla a la altura del municipio de Chalco, en el Estado de M\u00e9xico.Seg\u00fan informaci\u00f3n de la Fiscal\u00eda General del Estado de Puebla los hechos ocurrieron cuando regresaba a la capital del estado procedente de la Ciudad de M\u00e9xico. El [&hellip;]<\/p>\n","protected":false},"author":4,"featured_media":51195,"comment_status":"open","ping_status":"open","sticky":false,"template":"","format":"standard","meta":{"om_disable_all_campaigns":false,"_monsterinsights_skip_tracking":false,"_monsterinsights_sitenote_active":false,"_monsterinsights_sitenote_note":"","_monsterinsights_sitenote_category":0,"footnotes":""},"categories":[176,226],"tags":[195],"class_list":["post-51194","post","type-post","status-publish","format-standard","has-post-thumbnail","hentry","category-nacional","category-policia","tag-principal"],"amp_enabled":true,"_links":{"self":[{"href":"https:\/\/lahora.mx\/index.php\/wp-json\/wp\/v2\/posts\/51194","targetHints":{"allow":["GET"]}}],"collection":[{"href":"https:\/\/lahora.mx\/index.php\/wp-json\/wp\/v2\/posts"}],"about":[{"href":"https:\/\/lahora.mx\/index.php\/wp-json\/wp\/v2\/types\/post"}],"author":[{"embeddable":true,"href":"https:\/\/lahora.mx\/index.php\/wp-json\/wp\/v2\/users\/4"}],"replies":[{"embeddable":true,"href":"https:\/\/lahora.mx\/index.php\/wp-json\/wp\/v2\/comments?post=51194"}],"version-history":[{"count":1,"href":"https:\/\/lahora.mx\/index.php\/wp-json\/wp\/v2\/posts\/51194\/revisions"}],"predecessor-version":[{"id":51196,"href":"https:\/\/lahora.mx\/index.php\/wp-json\/wp\/v2\/posts\/51194\/revisions\/51196"}],"wp:featuredmedia":[{"embeddable":true,"href":"https:\/\/lahora.mx\/index.php\/wp-json\/wp\/v2\/media\/51195"}],"wp:attachment":[{"href":"https:\/\/lahora.mx\/index.php\/wp-json\/wp\/v2\/media?parent=51194"}],"wp:term":[{"taxonomy":"category","embeddable":true,"href":"https:\/\/lahora.mx\/index.php\/wp-json\/wp\/v2\/categories?post=51194"},{"taxonomy":"post_tag","embeddable":true,"href":"https:\/\/lahora.mx\/index.php\/wp-json\/wp\/v2\/tags?post=51194"}],"curies":[{"name":"wp","href":"https:\/\/api.w.org\/{rel}","templated":true}]}}