{"id":51183,"date":"2024-08-28T01:41:34","date_gmt":"2024-08-28T01:41:34","guid":{"rendered":"http:\/\/lahora.mx\/?p=51183"},"modified":"2024-08-28T01:41:34","modified_gmt":"2024-08-28T01:41:34","slug":"trabajamos-con-maximo-respeto-a-soberania-de-mexico-menciona-ken-salazar-a-lopez-obrador","status":"publish","type":"post","link":"https:\/\/lahora.mx\/index.php\/2024\/08\/28\/trabajamos-con-maximo-respeto-a-soberania-de-mexico-menciona-ken-salazar-a-lopez-obrador\/","title":{"rendered":"Trabajamos con m\u00e1ximo respeto a soberan\u00eda de M\u00e9xico menciona Ken Salazar a L\u00f3pez Obrador"},"content":{"rendered":"\n<p>El embajador Ken Salazar dio a conocer la respuesta de la embajada de Estados Unidos a la nota diplom\u00e1tica de la Secretar\u00eda de Relaciones Exteriores (SRE) tras sus declaraciones en las que expres\u00f3 que la elecci\u00f3n de jueces por el voto popular no s\u00f3lo amenaza la democracia de M\u00e9xico, sino tambi\u00e9n pone en riesgo la relaci\u00f3n comercial de ambas naciones.<\/p>\n\n\n\n<p>En ella reiter\u00f3 el respeto de Estados Unidos a la soberan\u00eda de M\u00e9xico y al mismo tiempo, refrend\u00f3 el respaldo al compromiso de nuestro pa\u00eds de fortalecer el Estado de Derecho a trav\u00e9s de la reforma judicial, con el objetivo de crear un Poder Judicial que goce de independencia, autonom\u00eda y legitimidad.<\/p>\n\n\n\n<p>Respecto al se\u00f1alamiento de la canciller\u00eda de que los comentarios del embajador podr\u00edan representar una interferencia en los asuntos internos de M\u00e9xico, la embajada dijo que los comentarios realizados la semana pasada tuvieron como \u00fanico objetivo se\u00f1alar situaciones que limitar\u00edan el trabajo conjunto en materia de integraci\u00f3n.<\/p>\n\n\n\n<p>\u201cAl mismo tiempo, mientras trabajamos de manera conjunta como socios para hacer realidad la integraci\u00f3n econ\u00f3mica de Am\u00e9rica del Norte y abordar los desaf\u00edos de seguridad compartidos que afectan directamente a nuestros dos pueblos, es del inter\u00e9s de los Estados Unidos identificar los acontecimientos que limitar\u00edan innecesariamente nuestra capacidad para alcanzar<br>estos objetivos juntos.<\/p>\n\n\n\n<p>\u201cComo lo expres\u00f3 el embajador Salazar, Estados Unidos apoya el concepto de reforma judicial en M\u00e9xico, pero nos preocupa mucho que la elecci\u00f3n popular de jueces no aborde la corrupci\u00f3n judicial ni fortalezca el Poder Judicial del gobierno de M\u00e9xico\u201d, subray\u00f3.<\/p>\n\n\n\n<p>Estados Unidos, agreg\u00f3 la representaci\u00f3n diplom\u00e1tica, \u201cdesea continuar su estrecha colaboraci\u00f3n con M\u00e9xico para alcanzar nuestros objetivos compartidos como socios iguales y en el esp\u00edritu de amistad que refleja nuestros lazos de anta\u00f1o\u201d.<\/p>\n\n\n\n<p>La respuesta de la embajada de los Estados Unidos se entreg\u00f3 a la Secretar\u00eda de Relaciones Exteriores el pasado viernes 23 de agosto.<br>Luego de las declaraciones sobre la reforma judicial que llevaron a la pausa en la relaci\u00f3n del gobierno federal con la embajada de Estados Unidos, Ken Salazar respondi\u00f3 que siempre han trabajado con \u201cel m\u00e1ximo respeto\u201d a la soberan\u00eda de M\u00e9xico luego de que el presidente Andr\u00e9s Manuel L\u00f3pez Obrador lo acusara de injerencista con sus dichos.<\/p>\n\n\n\n<p>Sin embargo, dijo que es real la preocupaci\u00f3n de Estados Unidos acerca de la elecci\u00f3n de jueces, ministros y magistrados a trav\u00e9s del voto popular como plantea la iniciativa del presidente L\u00f3pez Obrador, pues sell\u00f3 que apoyan el concepto de la reforma al Poder Judicial pero no hay certeza que dicho m\u00e9todo de elecci\u00f3n aborde la corrupci\u00f3n judicial y fortalezca dicho poder.<\/p>\n\n\n\n<p>El presidente L\u00f3pez Obrador dio a conocer esta ma\u00f1ana que hab\u00eda una pausa en la relaci\u00f3n con el embajador Ken Salazar y el de Canad\u00e1 tras sus expresiones sobre la reforma judicial, pues insisti\u00f3 en que se est\u00e1n inmiscuyendo en asuntos que s\u00f3lo le corresponden a los mexicanos y con ello violando la soberan\u00eda del pa\u00eds.<\/p>\n","protected":false},"excerpt":{"rendered":"<p>El embajador Ken Salazar dio a conocer la respuesta de la embajada de Estados Unidos a la nota diplom\u00e1tica de la Secretar\u00eda de Relaciones Exteriores (SRE) tras sus declaraciones en las que expres\u00f3 que la elecci\u00f3n de jueces por el voto popular no s\u00f3lo amenaza la democracia de M\u00e9xico, sino tambi\u00e9n pone en riesgo la [&hellip;]<\/p>\n","protected":false},"author":4,"featured_media":51186,"comment_status":"open","ping_status":"open","sticky":false,"template":"","format":"standard","meta":{"om_disable_all_campaigns":false,"_monsterinsights_skip_tracking":false,"_monsterinsights_sitenote_active":false,"_monsterinsights_sitenote_note":"","_monsterinsights_sitenote_category":0,"footnotes":""},"categories":[183],"tags":[],"class_list":["post-51183","post","type-post","status-publish","format-standard","has-post-thumbnail","hentry","category-internacional"],"amp_enabled":true,"_links":{"self":[{"href":"https:\/\/lahora.mx\/index.php\/wp-json\/wp\/v2\/posts\/51183","targetHints":{"allow":["GET"]}}],"collection":[{"href":"https:\/\/lahora.mx\/index.php\/wp-json\/wp\/v2\/posts"}],"about":[{"href":"https:\/\/lahora.mx\/index.php\/wp-json\/wp\/v2\/types\/post"}],"author":[{"embeddable":true,"href":"https:\/\/lahora.mx\/index.php\/wp-json\/wp\/v2\/users\/4"}],"replies":[{"embeddable":true,"href":"https:\/\/lahora.mx\/index.php\/wp-json\/wp\/v2\/comments?post=51183"}],"version-history":[{"count":1,"href":"https:\/\/lahora.mx\/index.php\/wp-json\/wp\/v2\/posts\/51183\/revisions"}],"predecessor-version":[{"id":51187,"href":"https:\/\/lahora.mx\/index.php\/wp-json\/wp\/v2\/posts\/51183\/revisions\/51187"}],"wp:featuredmedia":[{"embeddable":true,"href":"https:\/\/lahora.mx\/index.php\/wp-json\/wp\/v2\/media\/51186"}],"wp:attachment":[{"href":"https:\/\/lahora.mx\/index.php\/wp-json\/wp\/v2\/media?parent=51183"}],"wp:term":[{"taxonomy":"category","embeddable":true,"href":"https:\/\/lahora.mx\/index.php\/wp-json\/wp\/v2\/categories?post=51183"},{"taxonomy":"post_tag","embeddable":true,"href":"https:\/\/lahora.mx\/index.php\/wp-json\/wp\/v2\/tags?post=51183"}],"curies":[{"name":"wp","href":"https:\/\/api.w.org\/{rel}","templated":true}]}}