{"id":51158,"date":"2024-08-27T22:05:01","date_gmt":"2024-08-27T22:05:01","guid":{"rendered":"http:\/\/lahora.mx\/?p=51158"},"modified":"2024-08-27T22:05:02","modified_gmt":"2024-08-27T22:05:02","slug":"puebla-capital-mejora-infraestructura-en-bulevar-aaron-merino","status":"publish","type":"post","link":"https:\/\/lahora.mx\/index.php\/2024\/08\/27\/puebla-capital-mejora-infraestructura-en-bulevar-aaron-merino\/","title":{"rendered":"Puebla capital mejora infraestructura en bulevar Aar\u00f3n Merino"},"content":{"rendered":"\n<p>Para que Puebla capital siga consolid\u00e1ndose con calles m\u00e1s humanas y seguras, el Gobierno Municipal \u2014que preside Ad\u00e1n Dom\u00ednguez S\u00e1nchez\u2014 entreg\u00f3 la infraestructura peatonal del bulevar Aar\u00f3n Merino Fern\u00e1ndez, en el marco de la \u00abSemana de la Movilidad\u00bb.<\/p>\n\n\n\n<p>Este es ahora un entorno seguro para miles de peatones, ciclistas y conductores, el cual tuvo una inversi\u00f3n de 1.9 millones de pesos y su caracter\u00edstica principal es una reconfiguraci\u00f3n de espacios, en los que se prioriza al peat\u00f3n, quedando de la siguiente forma:<\/p>\n\n\n\n<p>49.3 por ciento de preferencia para el tr\u00e1nsito vehicular, 37.6 por ciento para peatones, 7.7 por ciento para estacionamiento y 5.3 por ciento para vegetaci\u00f3n.<br>Puebla capital mejora infraestructura peatonal en bulevar Aar\u00f3n Merino<\/p>\n\n\n\n<p>De acuerdo con el alcalde, para lograr esto el Ayuntamiento de Puebla instal\u00f3 41 jardineras con \u00e1rboles, coloc\u00f3 163 bolardos en esquinas de las calles, aplic\u00f3 mil 800 metros lineales de pintura termopl\u00e1stica en cruces peatonales y construy\u00f3 626 metros cuadrados de guarniciones y m\u00e1s.<\/p>\n\n\n\n<p>Es as\u00ed como Puebla tiene Rumbo y Resultados, impulsando acciones para una movilidad m\u00e1s segura e inclusiva, contando con el trabajo de Sara Miranda, activista de Ciudad Activa y Moverte; Fernanda Huerta y Dolores Cervantes, Regidoras del Cabildo poblano; Edgar V\u00e9lez, Secretario de Movilidad e Infraestructura; as\u00ed como Rub\u00ed V\u00e1zquez, Subsecretaria de Movilidad y Seguridad Vial.<\/p>\n","protected":false},"excerpt":{"rendered":"<p>Para que Puebla capital siga consolid\u00e1ndose con calles m\u00e1s humanas y seguras, el Gobierno Municipal \u2014que preside Ad\u00e1n Dom\u00ednguez S\u00e1nchez\u2014 entreg\u00f3 la infraestructura peatonal del bulevar Aar\u00f3n Merino Fern\u00e1ndez, en el marco de la \u00abSemana de la Movilidad\u00bb. Este es ahora un entorno seguro para miles de peatones, ciclistas y conductores, el cual tuvo una [&hellip;]<\/p>\n","protected":false},"author":4,"featured_media":51159,"comment_status":"open","ping_status":"open","sticky":false,"template":"","format":"standard","meta":{"om_disable_all_campaigns":false,"_monsterinsights_skip_tracking":false,"_monsterinsights_sitenote_active":false,"_monsterinsights_sitenote_note":"","_monsterinsights_sitenote_category":0,"footnotes":""},"categories":[175],"tags":[239,195,223],"class_list":["post-51158","post","type-post","status-publish","format-standard","has-post-thumbnail","hentry","category-local","tag-gobierno","tag-principal","tag-puebla"],"amp_enabled":true,"_links":{"self":[{"href":"https:\/\/lahora.mx\/index.php\/wp-json\/wp\/v2\/posts\/51158","targetHints":{"allow":["GET"]}}],"collection":[{"href":"https:\/\/lahora.mx\/index.php\/wp-json\/wp\/v2\/posts"}],"about":[{"href":"https:\/\/lahora.mx\/index.php\/wp-json\/wp\/v2\/types\/post"}],"author":[{"embeddable":true,"href":"https:\/\/lahora.mx\/index.php\/wp-json\/wp\/v2\/users\/4"}],"replies":[{"embeddable":true,"href":"https:\/\/lahora.mx\/index.php\/wp-json\/wp\/v2\/comments?post=51158"}],"version-history":[{"count":1,"href":"https:\/\/lahora.mx\/index.php\/wp-json\/wp\/v2\/posts\/51158\/revisions"}],"predecessor-version":[{"id":51160,"href":"https:\/\/lahora.mx\/index.php\/wp-json\/wp\/v2\/posts\/51158\/revisions\/51160"}],"wp:featuredmedia":[{"embeddable":true,"href":"https:\/\/lahora.mx\/index.php\/wp-json\/wp\/v2\/media\/51159"}],"wp:attachment":[{"href":"https:\/\/lahora.mx\/index.php\/wp-json\/wp\/v2\/media?parent=51158"}],"wp:term":[{"taxonomy":"category","embeddable":true,"href":"https:\/\/lahora.mx\/index.php\/wp-json\/wp\/v2\/categories?post=51158"},{"taxonomy":"post_tag","embeddable":true,"href":"https:\/\/lahora.mx\/index.php\/wp-json\/wp\/v2\/tags?post=51158"}],"curies":[{"name":"wp","href":"https:\/\/api.w.org\/{rel}","templated":true}]}}